{"id":4107,"date":"2026-08-27T14:57:14","date_gmt":"2026-08-27T14:57:14","guid":{"rendered":"https:\/\/www.marbellavillage.es\/blog\/coffee-in-marbella-the-essential-old-town-cafe-guide\/"},"modified":"2026-08-30T10:49:24","modified_gmt":"2026-08-30T10:49:24","slug":"cafe-en-marbella","status":"publish","type":"post","link":"https:\/\/www.marbellavillage.es\/blog\/cafe-en-marbella\/","title":{"rendered":"Caf\u00e9 en Marbella: la gu\u00eda esencial de cafeter\u00edas del centro"},"content":{"rendered":"\n<p class=\"wp-block-paragraph\">Tomar un buen caf\u00e9 en Marbella era antes un caf\u00e9 con leche r\u00e1pido en el bar de la esquina, y nada que objetar. Pero en los \u00faltimos a\u00f1os una peque\u00f1a ola de cafeter\u00edas de especialidad ha cambiado la escena en silencio, y el Casco Antiguo est\u00e1 ahora salpicado de locales que tuestan su propio grano, sirven un flat white de verdad y ofrecen brunchs para quedarse un buen rato.<\/p>\n\n\n\n<p class=\"wp-block-paragraph\">Esta gu\u00eda local re\u00fane unos cuantos favoritos en el Casco Antiguo y alrededores, esos sitios a los que las parejas, los que teletrabajan y quienes viajan sin prisa querr\u00e1n volver. Paseos cortos, buen grano y rincones bonitos: por aqu\u00ed se empieza.<\/p>\n\n\n\n<h2 class=\"wp-block-heading\">Por qu\u00e9 el caf\u00e9 en Marbella est\u00e1 de moda<\/h2>\n\n\n\n<p class=\"wp-block-paragraph\">Durante mucho tiempo, la costa fue m\u00e1s conocida por sus chiringuitos que por sus baristas. Eso ha cambiado. Ha llegado una nueva generaci\u00f3n de cafeter\u00edas independientes, muchas de ellas tostando en casa y tom\u00e1ndose el espresso tan en serio como cualquier gran ciudad.<\/p>\n\n\n\n<p class=\"wp-block-paragraph\">El motivo por el que la tendencia encaja tan bien con el Casco Antiguo es sencillo. El centro hist\u00f3rico es compacto y est\u00e1 hecho para caminar, as\u00ed que ir de cafeter\u00eda en cafeter\u00eda es facil\u00edsimo. Empiezas con un cortado en una plaza, callejeas un poco y acabas en un sitio nuevo para el brunch sin necesitar coche.<\/p>\n\n\n\n<p class=\"wp-block-paragraph\">Tambi\u00e9n encaja con la forma de viajar de hoy. Los que teletrabajan han hecho de Marbella una base, y un flat white fiable con buen Wi-Fi es parte del atractivo. Si ese es tu caso y te planteas quedarte una temporada, nuestra gu\u00eda sobre <a href=\"https:\/\/www.marbellavillage.es\/blog\/como-mudarse-a-marbella-y-empezar-una-nueva-vida-bajo-el-sol\/\">c\u00f3mo mudarse a Marbella<\/a> aborda justo el visado de n\u00f3mada digital y la vida en remoto en la ciudad.<\/p>\n\n\n\n<p class=\"wp-block-paragraph\"><\/p>\n\n\n\n<h2 class=\"wp-block-heading\">1. Kafein: caf\u00e9 de especialidad y brunch en el Casco Antiguo<\/h2>\n\n\n\n<p class=\"wp-block-paragraph\"><\/p>\n\n\n\n<figure class=\"wp-block-image size-full\"><img fetchpriority=\"high\" decoding=\"async\" width=\"1360\" height=\"1020\" src=\"https:\/\/www.marbellavillage.es\/blog\/wp-content\/uploads\/2026\/08\/unnamed.jpg\" alt=\"\" class=\"wp-image-4069\" srcset=\"https:\/\/www.marbellavillage.es\/blog\/wp-content\/uploads\/2026\/08\/unnamed.jpg 1360w, https:\/\/www.marbellavillage.es\/blog\/wp-content\/uploads\/2026\/08\/unnamed-768x576.jpg 768w\" sizes=\"(max-width: 1360px) 100vw, 1360px\" \/><\/figure>\n\n\n\n<p class=\"wp-block-paragraph\">Kafein es el sitio del que es m\u00e1s f\u00e1cil enamorarse. En pleno centro hist\u00f3rico, une el caf\u00e9 de especialidad a un mostrador de reposter\u00eda con acento italiano, y el resultado funciona igual de bien para un cortado r\u00e1pido por la ma\u00f1ana que para un brunch largo y tranquilo.<\/p>\n\n\n\n<p class=\"wp-block-paragraph\">La filosof\u00eda va del grano a la taza y de la masa al plato: grano de origen sostenible, tostado para resaltar su car\u00e1cter, junto a boller\u00eda hecha en casa. El cruas\u00e1n relleno de pistacho y fresa tiene sus fieles, y los platos de brunch son generosos. Hay leches vegetales disponibles, algo que no es habitual en todas partes.<\/p>\n\n\n\n<p class=\"wp-block-paragraph\">El ambiente tambi\u00e9n ayuda. Las mesas salen a una calle tranquila a un paso de la plaza principal, el interior est\u00e1 cuidado y los precios son m\u00e1s suaves de lo que sugiere la est\u00e9tica. Kafein abre pronto entre semana y algo m\u00e1s tarde el fin de semana, as\u00ed que sirve tanto para madrugadores como para los de domingo perezoso.<\/p>\n\n\n\n<p class=\"wp-block-paragraph\"><\/p>\n\n\n\n<h2 class=\"wp-block-heading\">2. Bootes: caf\u00e9 de especialidad para llevar<\/h2>\n\n\n\n<p class=\"wp-block-paragraph\"><\/p>\n\n\n\n<figure class=\"wp-block-image size-full\"><img decoding=\"async\" width=\"1400\" height=\"1050\" src=\"https:\/\/www.marbellavillage.es\/blog\/wp-content\/uploads\/2026\/08\/caption-2.jpg\" alt=\"\" class=\"wp-image-4070\" srcset=\"https:\/\/www.marbellavillage.es\/blog\/wp-content\/uploads\/2026\/08\/caption-2.jpg 1400w, https:\/\/www.marbellavillage.es\/blog\/wp-content\/uploads\/2026\/08\/caption-2-768x576.jpg 768w\" sizes=\"(max-width: 1400px) 100vw, 1400px\" \/><\/figure>\n\n\n\n<p class=\"wp-block-paragraph\">No todo buen caf\u00e9 necesita mesa. Bootes es un peque\u00f1o quiosco de caf\u00e9 de especialidad del Casco Antiguo, construido en torno a una idea bien ejecutada: caf\u00e9 excelente para llevar mientras paseas.<\/p>\n\n\n\n<p class=\"wp-block-paragraph\">Adem\u00e1s de las bebidas con espresso, encontrar\u00e1s matcha, opciones fr\u00edas para los d\u00edas de m\u00e1s calor y leches vegetales, todo servido desde una ventanilla compacta. Es de esos sitios que encajas en un paseo matutino m\u00e1s que un lugar donde acomodarte durante horas.<\/p>\n\n\n\n<p class=\"wp-block-paragraph\">El compa\u00f1ero ideal de un paseo, por tanto. Coge un vaso, sigue nuestro <a href=\"https:\/\/www.marbellavillage.es\/blog\/recorrido-a-pie-casco-antiguo-marbella\/\">recorrido a pie por el Casco Antiguo<\/a> por las calles m\u00e1s bonitas, y deja que el caf\u00e9 te acompa\u00f1e.<\/p>\n\n\n\n<p class=\"wp-block-paragraph\"><\/p>\n\n\n\n<h2 class=\"wp-block-heading\">3. Mi Casa Tu Casa: brunch mexicano y buen caf\u00e9<\/h2>\n\n\n\n<p class=\"wp-block-paragraph\"><\/p>\n\n\n\n<figure class=\"wp-block-image size-full\"><img decoding=\"async\" width=\"1350\" height=\"1020\" src=\"https:\/\/www.marbellavillage.es\/blog\/wp-content\/uploads\/2026\/08\/unnamed-1.jpg\" alt=\"\" class=\"wp-image-4071\" srcset=\"https:\/\/www.marbellavillage.es\/blog\/wp-content\/uploads\/2026\/08\/unnamed-1.jpg 1350w, https:\/\/www.marbellavillage.es\/blog\/wp-content\/uploads\/2026\/08\/unnamed-1-768x580.jpg 768w\" sizes=\"(max-width: 1350px) 100vw, 1350px\" \/><\/figure>\n\n\n\n<p class=\"wp-block-paragraph\">Justo m\u00e1s all\u00e1 del Casco Antiguo, cerca del centro y a pocos pasos del mar, Mi Casa Tu Casa aporta algo distinto a la escena cafetera de la ciudad: caf\u00e9 de especialidad con un brunch de inspiraci\u00f3n mexicana. Tuestan su propio grano, y los habituales se deshacen en elogios tanto por la taza como por la cocina.<\/p>\n\n\n\n<p class=\"wp-block-paragraph\">La carta es un reclamo tanto como el caf\u00e9. Imagina un flat white con un cruas\u00e1n de pistacho, o platos m\u00e1s contundentes como un burrito de desayuno, una tostada mexicana y huevos benedictinos sobre gofre, adem\u00e1s de zumos frescos y coloridos. La sala es acogedora y est\u00e1 llena de detalles cuidados, de la vajilla a la m\u00fasica.<\/p>\n\n\n\n<p class=\"wp-block-paragraph\">Es, adem\u00e1s, un espacio acogedor en todos los sentidos: llevado con orgullo por mujeres e inclusivo, con un ambiente de verdad hogare\u00f1o que a los habituales les encanta. A tener en cuenta: mantiene horario de d\u00eda y cierra los domingos, as\u00ed que planifica la visita entre semana o el s\u00e1bado. Para decidir d\u00f3nde poner las maletas, nuestra gu\u00eda sobre <a href=\"https:\/\/www.marbellavillage.es\/blog\/casco-antiguo-marbella-junio-septiembre\/\">la mejor \u00e9poca para visitar el Casco Antiguo en junio y septiembre<\/a> ayuda a planear la escapada.<\/p>\n\n\n\n<p class=\"wp-block-paragraph\"><\/p>\n\n\n\n<h2 class=\"wp-block-heading\">4. Pi\u00d1am Coffee and More: caf\u00e9 hasta la tarde<\/h2>\n\n\n\n<p class=\"wp-block-paragraph\"><\/p>\n\n\n\n<figure class=\"wp-block-image size-full\"><img loading=\"lazy\" decoding=\"async\" width=\"1360\" height=\"765\" src=\"https:\/\/www.marbellavillage.es\/blog\/wp-content\/uploads\/2026\/08\/unnamed-2.jpg\" alt=\"\" class=\"wp-image-4072\" srcset=\"https:\/\/www.marbellavillage.es\/blog\/wp-content\/uploads\/2026\/08\/unnamed-2.jpg 1360w, https:\/\/www.marbellavillage.es\/blog\/wp-content\/uploads\/2026\/08\/unnamed-2-768x432.jpg 768w\" sizes=\"(max-width: 1360px) 100vw, 1360px\" \/><\/figure>\n\n\n\n<p class=\"wp-block-paragraph\">Donde la mayor\u00eda de los locales de especialidad de la ciudad bajan el ritmo tras la comida, Pi\u00d1am Coffee and More sigue. Situado en la Calle Notario Luis Oliver, a pocos minutos a pie del Casco Antiguo, es la direcci\u00f3n que recordar cuando son las cuatro de la tarde y todav\u00eda quieres un caf\u00e9 de verdad en lugar de la primera terraza que aparezca.<\/p>\n\n\n\n<p class=\"wp-block-paragraph\">Como su nombre indica, es caf\u00e9 y algo m\u00e1s: un sitio relajado para una taza con algo de picar, ya est\u00e9s cogiendo fuerzas a media tarde o entrando con calma en la noche. Como abre hasta m\u00e1s tarde que la gente del brunch, cubre un hueco real en una escena muy ma\u00f1anera.<\/p>\n\n\n\n<p class=\"wp-block-paragraph\">Eso lo convierte en el complemento natural de un d\u00eda de paseo. Recorre las callejuelas, come en otro sitio, y vuelve aqu\u00ed para un flat white de tarde cuando la luz se pone dorada. Es justo el tipo de local independiente y sin pretensiones que hace que la escena cafetera de Marbella merezca la pena.<\/p>\n\n\n\n<p class=\"wp-block-paragraph\"><\/p>\n\n\n\n<h2 class=\"wp-block-heading\">C\u00f3mo montar la ma\u00f1ana de caf\u00e9 perfecta en Marbella<\/h2>\n\n\n\n<p class=\"wp-block-paragraph\">Lo bonito del caf\u00e9 en Marbella es que puedes encadenar varios de estos locales en una sola ma\u00f1ana sin prisa. Empieza pronto con un cortado en un rinc\u00f3n tranquilo antes de que las calles se llenen, y sigue con el brunch cuando el apetito acompa\u00f1e.<\/p>\n\n\n\n<p class=\"wp-block-paragraph\">Si una ma\u00f1ana prefieres la versi\u00f3n tradicional, cambia el flat white por el cl\u00e1sico local: churros con chocolate caliente espeso. Despu\u00e9s vale la pena levantar la vista, porque la luz limpia de la ma\u00f1ana deja las vistas desde los <a href=\"https:\/\/www.marbellavillage.es\/blog\/mejores-miradores-de-marbella\/\">mejores miradores de Marbella<\/a> a\u00fan m\u00e1s n\u00edtidas.<\/p>\n\n\n\n<p class=\"wp-block-paragraph\">Para consultar la agenda cultural y de eventos de la ciudad, la web oficial de <a href=\"https:\/\/turismo.marbella.es\" target=\"_blank\" rel=\"noopener\">Turismo de Marbella<\/a> mantiene actualizadas las actividades de temporada. Y cuando cae el sol, los <a href=\"https:\/\/www.marbellavillage.es\/blog\/bares-de-vino-en-marbella\/\">mejores bares de vino<\/a> recogen el testigo de las tazas de la ma\u00f1ana.<\/p>\n\n\n\n<p class=\"wp-block-paragraph\"><\/p>\n\n\n\n<h2 class=\"wp-block-heading\">D\u00f3nde alojarse para el mejor caf\u00e9 en Marbella<\/h2>\n\n\n\n<p class=\"wp-block-paragraph\">Aqu\u00ed est\u00e1 la ventaja silenciosa de instalarse en el Casco Antiguo: el mejor caf\u00e9 en Marbella est\u00e1 en tu puerta. Alojarte en el coraz\u00f3n del centro hist\u00f3rico significa poder salir de la cama y estar en una cafeter\u00eda de especialidad en pocos minutos, sin planificar nada.<\/p>\n\n\n\n<p class=\"wp-block-paragraph\">Un apartamento hace esas ma\u00f1anas lentas a\u00fan mejores. Preparas tu primera taza en casa y luego sales a por un flat white de verdad y el brunch cuando est\u00e9s listo. Si est\u00e1s sopesando opciones, nuestra comparaci\u00f3n de <a href=\"https:\/\/www.marbellavillage.es\/blog\/apartamento-vs-hotel-marbella-casco-antiguo\/\">apartamento frente a hotel en el Casco Antiguo<\/a> explica por qu\u00e9 el alquiler encaja con este tipo de estancia sin prisas.<\/p>\n\n\n\n<p class=\"wp-block-paragraph\"><\/p>\n\n\n\n<h2 class=\"wp-block-heading\">Preguntas frecuentes sobre el caf\u00e9 en Marbella<\/h2>\n\n\n\n<p class=\"wp-block-paragraph\"><strong>\u00bfD\u00f3nde encuentro caf\u00e9 de especialidad en Marbella?<\/strong><br>El Casco Antiguo y las calles de alrededor son tu mejor opci\u00f3n. Kafein y Bootes est\u00e1n en el centro hist\u00f3rico, mientras que Mi Casa Tu Casa y Pi\u00d1am Coffee and More quedan a pocos minutos a pie, cerca del centro.<\/p>\n\n\n\n<p class=\"wp-block-paragraph\"><strong>\u00bfQu\u00e9 cafeter\u00eda es mejor para el brunch?<\/strong><br>Kafein y Mi Casa Tu Casa son dos opciones estupendas. Kafein tira hacia lo mediterr\u00e1neo con un mostrador de reposter\u00eda de influencia italiana, mientras que Mi Casa Tu Casa ofrece una carta de inspiraci\u00f3n mexicana.<\/p>\n\n\n\n<p class=\"wp-block-paragraph\"><strong>\u00bfD\u00f3nde tomo un caf\u00e9 para llevar?<\/strong><br>Bootes est\u00e1 hecho para eso: un quiosco de especialidad compacto en el Casco Antiguo que sirve caf\u00e9, matcha y bebidas fr\u00edas para llevar, ideal para un paseo.<\/p>\n\n\n\n<p class=\"wp-block-paragraph\"><strong>\u00bfD\u00f3nde tomo un buen caf\u00e9 por la tarde?<\/strong><br>Pi\u00d1am Coffee and More abre hasta la tarde, una opci\u00f3n fiable cuando los sitios de brunch de la ma\u00f1ana ya han cerrado.<\/p>\n\n\n\n<p class=\"wp-block-paragraph\"><strong>\u00bfSirven estas cafeter\u00edas para teletrabajar?<\/strong><br>Muchas s\u00ed, aunque los quioscos m\u00e1s peque\u00f1os son mejores para una taza r\u00e1pida que para una sesi\u00f3n larga. Para jornadas largas, combina una ma\u00f1ana de caf\u00e9 con un espacio de coworking cercano.<\/p>\n\n\n\n<h2 class=\"wp-block-heading\"><strong>\u00bfList@ para despertarte a pocos pasos del mejor caf\u00e9 de la ciudad?<\/strong><\/h2>\n\n\n\n<p class=\"wp-block-paragraph\">Reserva tu apartamento en el coraz\u00f3n del Casco Antiguo y empieza cada ma\u00f1ana a pocos minutos de las mejores cafeter\u00edas de Marbella. <a href=\"https:\/\/www.marbellavillage.es\/rentals\/holidays-rentals-rentals-p0\/\">Reserva tu estancia en Marbella Village<\/a> y disfruta de descuentos de hasta el 35% en estancias largas.<\/p>\n","protected":false},"excerpt":{"rendered":"<p>Tomar un buen caf\u00e9 en Marbella era antes un caf\u00e9 con leche r\u00e1pido en el bar de la esquina, y&#8230;<\/p>\n","protected":false},"author":2,"featured_media":4106,"comment_status":"open","ping_status":"closed","sticky":false,"template":"","format":"standard","meta":{"footnotes":""},"categories":[53],"tags":[],"class_list":["post-4107","post","type-post","status-publish","format-standard","has-post-thumbnail","hentry","category-food-es"],"_links":{"self":[{"href":"https:\/\/www.marbellavillage.es\/blog\/wp-json\/wp\/v2\/posts\/4107","targetHints":{"allow":["GET"]}}],"collection":[{"href":"https:\/\/www.marbellavillage.es\/blog\/wp-json\/wp\/v2\/posts"}],"about":[{"href":"https:\/\/www.marbellavillage.es\/blog\/wp-json\/wp\/v2\/types\/post"}],"author":[{"embeddable":true,"href":"https:\/\/www.marbellavillage.es\/blog\/wp-json\/wp\/v2\/users\/2"}],"replies":[{"embeddable":true,"href":"https:\/\/www.marbellavillage.es\/blog\/wp-json\/wp\/v2\/comments?post=4107"}],"version-history":[{"count":4,"href":"https:\/\/www.marbellavillage.es\/blog\/wp-json\/wp\/v2\/posts\/4107\/revisions"}],"predecessor-version":[{"id":4112,"href":"https:\/\/www.marbellavillage.es\/blog\/wp-json\/wp\/v2\/posts\/4107\/revisions\/4112"}],"wp:featuredmedia":[{"embeddable":true,"href":"https:\/\/www.marbellavillage.es\/blog\/wp-json\/wp\/v2\/media\/4106"}],"wp:attachment":[{"href":"https:\/\/www.marbellavillage.es\/blog\/wp-json\/wp\/v2\/media?parent=4107"}],"wp:term":[{"taxonomy":"category","embeddable":true,"href":"https:\/\/www.marbellavillage.es\/blog\/wp-json\/wp\/v2\/categories?post=4107"},{"taxonomy":"post_tag","embeddable":true,"href":"https:\/\/www.marbellavillage.es\/blog\/wp-json\/wp\/v2\/tags?post=4107"}],"curies":[{"name":"wp","href":"https:\/\/api.w.org\/{rel}","templated":true}]}}