{"id":3205,"date":"2026-03-11T20:57:59","date_gmt":"2026-03-11T20:57:59","guid":{"rendered":"https:\/\/www.marbellavillage.es\/blog\/?p=3205"},"modified":"2026-03-12T07:38:25","modified_gmt":"2026-03-12T07:38:25","slug":"pasqua-marbella-2026","status":"publish","type":"post","link":"https:\/\/www.marbellavillage.es\/blog\/it\/pasqua-marbella-2026\/","title":{"rendered":"Settimana Santa a Marbella 2026: Le Migliori Processioni Vicino al Centro Storico"},"content":{"rendered":"\n<p>La Settimana Santa a Marbella 2026 \u00e8 uno dei momenti pi\u00f9 suggestivi dell\u2019anno in citt\u00e0. Quando cala la sera sul centro storico, le strade strette si riempiono del suono di lenti ritmi di tamburi, bande musicali e luce di candele che si muove tra piazze storiche. L\u2019incenso si diffonde nell\u2019aria mentre abitanti e visitatori si riuniscono tranquillamente lungo le strade, aspettando che appaia la processione successiva.<\/p>\n\n\n\n<p><strong>La Semana Santa a Marbella si svolge dal 29 marzo al 5 aprile,<\/strong> trasformando il centro storico nel cuore delle tradizioni culturali e religiose della citt\u00e0. Anche se le date esatte cambiano ogni anno, la Semana Santa a Marbella cade solitamente tra la fine di marzo e l\u2019inizio di aprile, portando con s\u00e9 una settimana di processioni, cerimonie e incontri comunitari che rivelano un lato pi\u00f9 profondo della cultura andalusa.<\/p>\n\n\n\n<p>Per i viaggiatori che soggiornano nel centro storico di Marbella, l\u2019esperienza \u00e8 particolarmente immersiva. Molti dei momenti pi\u00f9 significativi si svolgono proprio nel centro storico, dove le strade strette si aprono improvvisamente su piazze tradizionali.<\/p>\n\n\n\n<p>Molti dei percorsi della Semana Santa passano attraverso il centro storico vicino a Calle Aduar, permettendo ai visitatori che soggiornano negli <strong><a href=\"https:\/\/www.marbellavillage.es\/it\/\">appartamenti Marbella Village<\/a> <\/strong>di vivere le processioni a pochi passi dalla loro porta.<\/p>\n\n\n\n<p><strong>Questa guida esplora le processioni pi\u00f9 importanti della Settimana Santa a Marbella 2026,<\/strong> i luoghi migliori per vederle vicino al centro storico e consigli pratici per vivere la Semana Santa come una persona del posto.<\/p>\n\n\n\n<p><\/p>\n\n\n\n<figure class=\"wp-block-image size-full is-resized\"><img fetchpriority=\"high\" decoding=\"async\" width=\"1500\" height=\"843\" src=\"https:\/\/www.marbellavillage.es\/blog\/wp-content\/uploads\/2026\/03\/1.jpg\" alt=\"\" class=\"wp-image-3280\" style=\"aspect-ratio:1.7793664978651573;width:742px;height:auto\" srcset=\"https:\/\/www.marbellavillage.es\/blog\/wp-content\/uploads\/2026\/03\/1.jpg 1500w, https:\/\/www.marbellavillage.es\/blog\/wp-content\/uploads\/2026\/03\/1-768x432.jpg 768w\" sizes=\"(max-width: 1500px) 100vw, 1500px\" \/><\/figure>\n\n\n\n<div style=\"height:19px\" aria-hidden=\"true\" class=\"wp-block-spacer\"><\/div>\n\n\n\n<h1 class=\"wp-block-heading\">Settimana Santa a Marbella 2026 \u2013 Date Chiave<\/h1>\n\n\n\n<ul class=\"wp-block-list\">\n<li>Domenica delle Palme: 29 marzo 2026<\/li>\n\n\n\n<li>Marted\u00ec Santo: 31 marzo 2026<\/li>\n\n\n\n<li>Mercoled\u00ec Santo: 1 aprile 2026<\/li>\n\n\n\n<li>Gioved\u00ec Santo: 2 aprile 2026<\/li>\n\n\n\n<li>Venerd\u00ec Santo: 3 aprile 2026<\/li>\n\n\n\n<li>Domenica di Pasqua: 5 aprile 2026<\/li>\n<\/ul>\n\n\n\n<p>Questi giorni formano il cuore della Semana Santa Marbella, quando le processioni pi\u00f9 importanti attraversano il centro storico.<\/p>\n\n\n\n<div style=\"height:22px\" aria-hidden=\"true\" class=\"wp-block-spacer\"><\/div>\n\n\n\n<h1 class=\"wp-block-heading\">Che Cos\u2019\u00e8 la Semana Santa a Marbella?<\/h1>\n\n\n\n<p>La Semana Santa, o Settimana Santa, commemora gli ultimi giorni della vita di Ges\u00f9 Cristo e la sua resurrezione. In tutta l\u2019Andalusia \u00e8 segnata da solenni processioni religiose organizzate da confraternite locali conosciute come <em>cofrad\u00edas<\/em>.<\/p>\n\n\n\n<p>Ogni processione porta elaborati carri religiosi chiamati <em>pasos<\/em>, accompagnati da musica, candele e partecipanti vestiti con abiti tradizionali. Queste processioni si muovono lentamente per le strade e spesso impiegano diverse ore per completare un percorso attraverso il centro storico.<\/p>\n\n\n\n<p>Sebbene radicata nella tradizione religiosa, oggi la Semana Santa \u00e8 anche uno degli eventi culturali pi\u00f9 importanti del sud della Spagna. I visitatori partecipano non solo per motivi spirituali, ma anche per vivere l\u2019atmosfera storica, l\u2019arte e il simbolismo che definiscono questa celebrazione.<\/p>\n\n\n\n<p>A Marbella, spesso chiamata semplicemente \u201cSemana Santa Marbella\u201d, la celebrazione trasforma il centro storico nel cuore delle tradizioni della citt\u00e0. Molte delle processioni pi\u00f9 suggestive della Semana Santa Marbella nel centro storico si svolgono intorno a Plaza de la Iglesia e nelle strade storiche circostanti.<\/p>\n\n\n\n<div style=\"height:22px\" aria-hidden=\"true\" class=\"wp-block-spacer\"><\/div>\n\n\n\n<h1 class=\"wp-block-heading\">Il Significato delle Tuniche dei Nazarenos<\/h1>\n\n\n\n<p>Uno degli spettacoli pi\u00f9 sorprendenti durante la Semana Santa a Marbella \u00e8 la lunga fila di <strong><em>nazarenos<\/em>,<\/strong> partecipanti che camminano nelle processioni indossando tuniche tradizionali e alti cappucci appuntiti conosciuti come <strong><em>capirotes.<\/em><\/strong><\/p>\n\n\n\n<p>Questi abiti fanno parte di una tradizione cattolica secolare che simboleggia penitenza, umilt\u00e0 e devozione. Storicamente, il cappuccio permetteva ai partecipanti di compiere atti di penitenza in modo anonimo, enfatizzando la riflessione spirituale piuttosto che l\u2019identit\u00e0 individuale.<\/p>\n\n\n\n<p>Per i visitatori che non conoscono la Settimana Santa spagnola, la forma appuntita pu\u00f2 talvolta risultare sorprendente. Tuttavia, il suo significato \u00e8 puramente religioso ed \u00e8 profondamente radicato nella cultura andalusa. Ogni confraternita ha i propri colori e le proprie tuniche, creando una processione in movimento di tessuti, candele e simboli che attraversa lentamente le strade storiche di Marbella.<\/p>\n\n\n\n<p><\/p>\n\n\n\n<figure class=\"wp-block-image size-full is-resized\"><img decoding=\"async\" width=\"1000\" height=\"600\" src=\"https:\/\/www.marbellavillage.es\/blog\/wp-content\/uploads\/2026\/03\/blog-semana-santa.jpg\" alt=\"\" class=\"wp-image-3285\" style=\"width:711px;height:auto\" srcset=\"https:\/\/www.marbellavillage.es\/blog\/wp-content\/uploads\/2026\/03\/blog-semana-santa.jpg 1000w, https:\/\/www.marbellavillage.es\/blog\/wp-content\/uploads\/2026\/03\/blog-semana-santa-768x461.jpg 768w\" sizes=\"(max-width: 1000px) 100vw, 1000px\" \/><\/figure>\n\n\n\n<div style=\"height:23px\" aria-hidden=\"true\" class=\"wp-block-spacer\"><\/div>\n\n\n\n<h1 class=\"wp-block-heading\">Domenica delle Palme \u2013 La Pollinica<\/h1>\n\n\n\n<p>La Domenica delle Palme segna l\u2019inizio ufficiale della Settimana Santa a Marbella 2026, e una delle processioni pi\u00f9 riconoscibili \u00e8 La Pollinica.<\/p>\n\n\n\n<p>Questa processione inizia tradizionalmente nel pomeriggio e commemora l\u2019ingresso di Ges\u00f9 a Gerusalemme. L\u2019atmosfera della Domenica delle Palme \u00e8 accogliente e festosa, rendendola un\u2019ottima prima introduzione alla Semana Santa per i visitatori.<\/p>\n\n\n\n<p>Guardare la processione mentre attraversa il centro storico offre un forte contrasto visivo: strade antiche, tuniche tradizionali e musica che riecheggia tra gli edifici bianchi.<\/p>\n\n\n\n<div style=\"height:23px\" aria-hidden=\"true\" class=\"wp-block-spacer\"><\/div>\n\n\n\n<h1 class=\"wp-block-heading\">Luned\u00ec Santo \u2013 Un Giorno Pi\u00f9 Tranquillo nel Centro Storico<\/h1>\n\n\n\n<p>Il Luned\u00ec Santo \u00e8 solitamente uno dei giorni pi\u00f9 tranquilli durante la Semana Santa a Marbella. Piuttosto che grandi processioni, la giornata offre un ritmo pi\u00f9 lento \u2014 rendendola un momento perfetto per esplorare il centro storico.<\/p>\n\n\n\n<p>I visitatori spesso trascorrono la giornata scoprendo la cultura locale, rilassandosi nei caff\u00e8 o passeggiando per le strade storiche di Marbella prima che le successive processioni serali tornino pi\u00f9 tardi nella settimana.<\/p>\n\n\n\n<p>\u00c8 anche un ottimo momento per scoprire alcune delle <strong>25 cose gratuite (o quasi) da fare a Marbella<\/strong>, soprattutto se vuoi esplorare il centro storico con calma.<\/p>\n\n\n\n<div style=\"height:23px\" aria-hidden=\"true\" class=\"wp-block-spacer\"><\/div>\n\n\n\n<h1 class=\"wp-block-heading\">Marted\u00ec Santo \u2013 Cautivo e Santa Marta<\/h1>\n\n\n\n<p>Il Marted\u00ec Santo porta una delle processioni serali pi\u00f9 suggestive della settimana: Cautivo e Santa Marta.<\/p>\n\n\n\n<p>Questa processione spesso inizia pi\u00f9 tardi la sera, quando la luce delle candele e la musica creano un\u2019atmosfera pi\u00f9 solenne in tutto il centro storico. Osservare la processione mentre attraversa strade strette permette agli spettatori di vivere la cerimonia da vicino.<\/p>\n\n\n\n<p>Prima o dopo la processione, molti visitatori amano passeggiare nel centro storico e fermarsi per qualcosa di dolce \u2014 un momento perfetto per scoprire <strong>le migliori gelaterie del centro storico di Marbella<\/strong> mentre si gode l\u2019atmosfera festiva.<\/p>\n\n\n\n<div style=\"height:23px\" aria-hidden=\"true\" class=\"wp-block-spacer\"><\/div>\n\n\n\n<h1 class=\"wp-block-heading\">Mercoled\u00ec Santo e Gioved\u00ec Santo \u2013 Nazareno<\/h1>\n\n\n\n<p>A met\u00e0 settimana, l\u2019intensit\u00e0 emotiva della Semana Santa diventa pi\u00f9 evidente.<\/p>\n\n\n\n<p>La processione del Nazareno, che si svolge solitamente il mercoled\u00ec sera, \u00e8 uno degli eventi pi\u00f9 importanti del calendario della Semana Santa. Il ritmo solenne, le strade illuminate dalle candele e la musica creano un\u2019atmosfera potente in tutto il centro storico di Marbella.<\/p>\n\n\n\n<p>Fotografi e visitatori trovano spesso queste serate particolarmente memorabili. La combinazione di architettura storica, costumi tradizionali e luce tremolante delle candele crea alcune delle scene pi\u00f9 suggestive di tutta la settimana.<\/p>\n\n\n\n<div style=\"height:23px\" aria-hidden=\"true\" class=\"wp-block-spacer\"><\/div>\n\n\n\n<h1 class=\"wp-block-heading\">Gioved\u00ec Santo \u2013 Calvario, Amor e Vera Cruz<\/h1>\n\n\n\n<p>Il Gioved\u00ec Santo \u00e8 spesso una delle notti pi\u00f9 affollate della Semana Santa a Marbella.<\/p>\n\n\n\n<p>Diverse processioni attraversano il centro storico, tra cui Calvario, Cristo del Amor e Vera Cruz. Mentre queste processioni avanzano nel centro storico, gli spettatori si riuniscono nelle piazze e nelle strade strette per assistere al passaggio cerimoniale dei carri religiosi portati dai <em>costaleros<\/em>.<\/p>\n\n\n\n<p>Una delle curiosit\u00e0 della Semana Santa \u00e8 il ritmo lento di queste processioni. I pesanti <em>pasos<\/em> vengono portati sulle spalle da decine di partecipanti che camminano con passi sincronizzati sotto la struttura.<\/p>\n\n\n\n<div style=\"height:23px\" aria-hidden=\"true\" class=\"wp-block-spacer\"><\/div>\n\n\n\n<h1 class=\"wp-block-heading\">Venerd\u00ec Santo \u2013 Il Giorno Pi\u00f9 Solenne della Settimana<\/h1>\n\n\n\n<p>Il Venerd\u00ec Santo commemora la crocifissione di Ges\u00f9 Cristo ed \u00e8 tradizionalmente il giorno pi\u00f9 solenne della Semana Santa.<\/p>\n\n\n\n<p>A Marbella, le processioni del Venerd\u00ec Santo portano un senso pi\u00f9 profondo di riflessione e silenzio. La musica diventa pi\u00f9 lenta, l\u2019atmosfera pi\u00f9 contemplativa e gli spettatori osservano in silenzio mentre le processioni avanzano.<\/p>\n\n\n\n<p>Anche per i visitatori che non sono religiosi, l\u2019esperienza pu\u00f2 risultare profondamente toccante e culturalmente significativa.<\/p>\n\n\n\n<div style=\"height:23px\" aria-hidden=\"true\" class=\"wp-block-spacer\"><\/div>\n\n\n\n<h1 class=\"wp-block-heading\">Domenica di Pasqua \u2013 Processione della Resurrezione<\/h1>\n\n\n\n<p>La Domenica di Pasqua segna la conclusione gioiosa della Semana Santa.<\/p>\n\n\n\n<p>La processione della Resurrezione celebra la resurrezione di Cristo e spesso si svolge al mattino. Dopo diversi giorni di cerimonie solenni, l\u2019atmosfera diventa pi\u00f9 luminosa e festosa.<\/p>\n\n\n\n<p>Per molti visitatori, la Domenica di Pasqua offre il momento perfetto per vivere le tradizioni della Semana Santa prima di godersi un pranzo rilassato nel centro storico.<\/p>\n\n\n\n<p><\/p>\n\n\n\n<figure class=\"wp-block-image size-full is-resized\"><img decoding=\"async\" width=\"1920\" height=\"1086\" src=\"https:\/\/www.marbellavillage.es\/blog\/wp-content\/uploads\/2026\/03\/2579_plaza-de-la-iglesia_introfull.jpg\" alt=\"\" class=\"wp-image-3290\" style=\"width:748px;height:auto\" srcset=\"https:\/\/www.marbellavillage.es\/blog\/wp-content\/uploads\/2026\/03\/2579_plaza-de-la-iglesia_introfull.jpg 1920w, https:\/\/www.marbellavillage.es\/blog\/wp-content\/uploads\/2026\/03\/2579_plaza-de-la-iglesia_introfull-768x434.jpg 768w, https:\/\/www.marbellavillage.es\/blog\/wp-content\/uploads\/2026\/03\/2579_plaza-de-la-iglesia_introfull-1536x869.jpg 1536w\" sizes=\"(max-width: 1920px) 100vw, 1920px\" \/><\/figure>\n\n\n\n<div style=\"height:23px\" aria-hidden=\"true\" class=\"wp-block-spacer\"><\/div>\n\n\n\n<h1 class=\"wp-block-heading\">I Migliori Luoghi per Vedere le Processioni nel Centro Storico di Marbella<\/h1>\n\n\n\n<p>Alcuni dei luoghi pi\u00f9 memorabili per osservare le processioni si trovano direttamente nel centro storico di Marbella.<\/p>\n\n\n\n<p>Molti visitatori si riuniscono vicino a Plaza de la Iglesia, dove diverse processioni iniziano o terminano, mentre Plaza de los Naranjos offre uno splendido contesto circondato da edifici storici. Le strade strette intorno a Calle Ancha e le piccole vie del centro storico spesso offrono l\u2019esperienza pi\u00f9 intima.<\/p>\n\n\n\n<p>Molti dei principali percorsi delle processioni attraversano il centro storico di Marbella, il che significa che i visitatori che soggiornano vicino a Calle Aduar si trovano gi\u00e0 a pochi minuti a piedi da diversi punti chiave per osservarle.<\/p>\n\n\n\n<p>I visitatori che desiderano ottenere maggiori informazioni sugli eventi culturali e sulle celebrazioni locali possono anche consultare il <a href=\"https:\/\/www.marbella.es\/\" target=\"_blank\" rel=\"noopener\"><strong>sito ufficiale del turismo del Comune di Marbella<\/strong>.<\/a><\/p>\n\n\n\n<div style=\"height:23px\" aria-hidden=\"true\" class=\"wp-block-spacer\"><\/div>\n\n\n\n<h1 class=\"wp-block-heading\">Piano Suggerito per la Settimana Santa per i Visitatori che Soggiornano nel Centro Storico di Marbella<\/h1>\n\n\n\n<p>Un modo semplice per vivere la Semana Santa \u00e8 strutturare la settimana attorno agli eventi principali.<\/p>\n\n\n\n<p>La Domenica delle Palme introduce le celebrazioni con La Pollinica. Il Luned\u00ec Santo permette di esplorare Marbella con un ritmo pi\u00f9 tranquillo. Il Marted\u00ec Santo e il Mercoled\u00ec Santo portano processioni serali suggestive, mentre il Gioved\u00ec Santo e il Venerd\u00ec Santo rappresentano il culmine emotivo della settimana.<\/p>\n\n\n\n<p>Durante il giorno, molti visitatori combinano le celebrazioni con altre esperienze a Marbella. Molti viaggiatori trascorrono il pomeriggio scoprendo <strong>25 Cose Gratis da Fare nel Centro Storico di Marbella<\/strong> prima di tornare nel centro storico per le processioni serali.<\/p>\n\n\n\n<p>Il tramonto pu\u00f2 anche essere un momento magnifico prima dell\u2019inizio delle processioni, soprattutto se esplori <strong>i migliori luoghi per vedere il tramonto a Marbella<\/strong>.<\/p>\n\n\n\n<div style=\"height:23px\" aria-hidden=\"true\" class=\"wp-block-spacer\"><\/div>\n\n\n\n<h1 class=\"wp-block-heading\">Consigli Pratici per Godersi la Semana Santa<\/h1>\n\n\n\n<p>Arriva presto se vuoi ottenere un buon posto per vedere le processioni, soprattutto il Gioved\u00ec Santo e il Venerd\u00ec Santo quando il centro storico diventa pi\u00f9 affollato.<\/p>\n\n\n\n<p>Indossa scarpe comode. La Semana Santa comporta stare in piedi e camminare nel centro storico.<\/p>\n\n\n\n<p>Sii flessibile con gli orari della cena. I ristoranti possono diventare affollati durante le processioni serali.<\/p>\n\n\n\n<p>Rispetta l\u2019atmosfera. Anche se molti visitatori partecipano per motivi culturali, le processioni restano importanti tradizioni religiose per i residenti locali.<\/p>\n\n\n\n<hr class=\"wp-block-separator has-alpha-channel-opacity\"\/>\n\n\n\n<h1 class=\"wp-block-heading\">FAQ \u2013 Semana Santa a Marbella<\/h1>\n\n\n\n<ul class=\"wp-block-list\">\n<li><strong>Quando si svolge la Semana Santa a Marbella?<\/strong><\/li>\n<\/ul>\n\n\n\n<p>Nel 2026, la Settimana Santa a Marbella si svolge dal 29 marzo al 5 aprile.<\/p>\n\n\n\n<ul class=\"wp-block-list\">\n<li><strong>Dove sono i migliori luoghi per vedere le processioni?<\/strong><\/li>\n<\/ul>\n\n\n\n<p>I luoghi pi\u00f9 suggestivi si trovano intorno a Plaza de la Iglesia, Plaza de los Naranjos e Calle Ancha.<\/p>\n\n\n\n<ul class=\"wp-block-list\">\n<li><strong>Servono biglietti?<\/strong><\/li>\n<\/ul>\n\n\n\n<p>No. Le processioni si svolgono nelle strade pubbliche.<\/p>\n\n\n\n<ul class=\"wp-block-list\">\n<li><strong>A che ora iniziano di solito le processioni?<\/strong><\/li>\n<\/ul>\n\n\n\n<p>La maggior parte inizia nel tardo pomeriggio o la sera. I visitatori possono verificare gli orari sul <a href=\"https:\/\/semanasanta.marbella.es\/\" target=\"_blank\" rel=\"noopener\"><strong>sito ufficiale della Semana Santa di Marbella<\/strong>.<\/a><\/p>\n\n\n\n<ul class=\"wp-block-list\">\n<li><strong>La Semana Santa \u00e8 adatta anche ai visitatori non religiosi?<\/strong><\/li>\n<\/ul>\n\n\n\n<p>S\u00ec. Molti visitatori vivono la Semana Santa come un evento culturale e storico.<\/p>\n\n\n\n<hr class=\"wp-block-separator has-alpha-channel-opacity\"\/>\n\n\n\n<h1 class=\"wp-block-heading\">Conclusione<\/h1>\n\n\n\n<p>Durante la Settimana Santa, il centro storico di Marbella diventa uno dei luoghi pi\u00f9 suggestivi per vivere le tradizioni andaluse. Le processioni illuminate dalle candele, le strade storiche e la musica cerimoniale creano un momento culturale unico che risulta al tempo stesso intimo e potente.<\/p>\n\n\n\n<p>Se desideri vivere la Semana Santa dal cuore del centro storico, scopri i nostri <a href=\"https:\/\/www.marbellavillage.es\/it\/\"><strong>monolocali e appartamenti nel centro storico di Marbella<\/strong>.<\/a><\/p>\n\n\n\n<p>Per consigli personalizzati o aiuto nella pianificazione del tuo soggiorno, non esitare a <strong><a href=\"https:\/\/www.marbellavillage.es\/it\/contatti\/\">contattarci<\/a><\/strong> \u2014 saremo felici di aiutarti a goderti Marbella durante una delle settimane pi\u00f9 speciali dell\u2019anno.<\/p>\n\n\n\n<p>The most important correction was the <strong>H1<\/strong>, and this version now follows the English locked post much more faithfully.<\/p>\n\n\n\n<p><\/p>\n","protected":false},"excerpt":{"rendered":"<p>La Settimana Santa a Marbella 2026 \u00e8 uno dei momenti pi\u00f9 suggestivi dell\u2019anno in citt\u00e0. Quando cala la sera sul&#8230;<\/p>\n","protected":false},"author":2,"featured_media":3280,"comment_status":"open","ping_status":"closed","sticky":false,"template":"","format":"standard","meta":{"footnotes":""},"categories":[96,72],"tags":[],"class_list":["post-3205","post","type-post","status-publish","format-standard","has-post-thumbnail","hentry","category-lifestyle-it","category-spiaggia"],"_links":{"self":[{"href":"https:\/\/www.marbellavillage.es\/blog\/it\/wp-json\/wp\/v2\/posts\/3205","targetHints":{"allow":["GET"]}}],"collection":[{"href":"https:\/\/www.marbellavillage.es\/blog\/it\/wp-json\/wp\/v2\/posts"}],"about":[{"href":"https:\/\/www.marbellavillage.es\/blog\/it\/wp-json\/wp\/v2\/types\/post"}],"author":[{"embeddable":true,"href":"https:\/\/www.marbellavillage.es\/blog\/it\/wp-json\/wp\/v2\/users\/2"}],"replies":[{"embeddable":true,"href":"https:\/\/www.marbellavillage.es\/blog\/it\/wp-json\/wp\/v2\/comments?post=3205"}],"version-history":[{"count":18,"href":"https:\/\/www.marbellavillage.es\/blog\/it\/wp-json\/wp\/v2\/posts\/3205\/revisions"}],"predecessor-version":[{"id":3316,"href":"https:\/\/www.marbellavillage.es\/blog\/it\/wp-json\/wp\/v2\/posts\/3205\/revisions\/3316"}],"wp:featuredmedia":[{"embeddable":true,"href":"https:\/\/www.marbellavillage.es\/blog\/it\/wp-json\/wp\/v2\/media\/3280"}],"wp:attachment":[{"href":"https:\/\/www.marbellavillage.es\/blog\/it\/wp-json\/wp\/v2\/media?parent=3205"}],"wp:term":[{"taxonomy":"category","embeddable":true,"href":"https:\/\/www.marbellavillage.es\/blog\/it\/wp-json\/wp\/v2\/categories?post=3205"},{"taxonomy":"post_tag","embeddable":true,"href":"https:\/\/www.marbellavillage.es\/blog\/it\/wp-json\/wp\/v2\/tags?post=3205"}],"curies":[{"name":"wp","href":"https:\/\/api.w.org\/{rel}","templated":true}]}}