{"id":2483,"date":"2025-09-18T17:00:32","date_gmt":"2025-09-18T17:00:32","guid":{"rendered":"https:\/\/www.marbellavillage.es\/blog\/?p=2483"},"modified":"2025-09-26T12:28:45","modified_gmt":"2025-09-26T12:28:45","slug":"punti-panoramici-a-marbella","status":"publish","type":"post","link":"https:\/\/www.marbellavillage.es\/blog\/it\/punti-panoramici-a-marbella\/","title":{"rendered":"I migliori punti panoramici di Marbella"},"content":{"rendered":"\n<p>Marbella \u00e8 famosa non solo per le spiagge e i cieli azzurri, ma anche per alcuni dei punti panoramici (miradores) pi\u00f9 memorabili della citt\u00e0. Dai parchi alberati e dal Paseo Mar\u00edtimo ai sentieri panoramici della Sierra Blanca, questi belvedere rivelano orizzonti mediterranei, sfondi montuosi e la vita quotidiana in movimento.<\/p>\n\n\n\n<p>Di seguito troverai i nostri luoghi preferiti per l\u2019alba, l\u2019ora dorata e i momenti tranquilli tra i due, dal livello del mare fino alla vetta. Questa \u00e8 una guida di Marbella Village curata con competenza e attenzione locale.<\/p>\n\n\n\n<div style=\"height:17px\" aria-hidden=\"true\" class=\"wp-block-spacer\"><\/div>\n\n\n\n<h2 class=\"wp-block-heading\">Scopri i punti panoramici pi\u00f9 suggestivi di Marbella tra mare, citt\u00e0 e cielo<\/h2>\n\n\n\n<h3 class=\"wp-block-heading\">Parque de la Alameda &#8211; \ud83d\udccd~3 min a piedi dal centro storico<\/h3>\n\n\n\n<figure class=\"wp-block-image size-full is-resized\"><img fetchpriority=\"high\" decoding=\"async\" width=\"940\" height=\"626\" src=\"https:\/\/www.marbellavillage.es\/blog\/wp-content\/uploads\/2025\/09\/ALAMEDA.jpg\" alt=\"Fountain and palm trees in Parque de la Alameda\u00a0Marbella\" class=\"wp-image-2119\" style=\"width:748px;height:auto\" srcset=\"https:\/\/www.marbellavillage.es\/blog\/wp-content\/uploads\/2025\/09\/ALAMEDA.jpg 940w, https:\/\/www.marbellavillage.es\/blog\/wp-content\/uploads\/2025\/09\/ALAMEDA-768x511.jpg 768w\" sizes=\"(max-width: 940px) 100vw, 940px\" \/><\/figure>\n\n\n\n<p><\/p>\n\n\n\n<p><a href=\"https:\/\/www.marbella.es\/web\/cultura\/patrimonio\/casco\/paseo-de-la-alameda.html\" target=\"_blank\" rel=\"noopener\">Parque de la Alameda <\/a>non si trova in alto, ma \u00e8 uno dei punti panoramici pi\u00f9 suggestivi di Marbella per osservare la vita quotidiana. Non avrai ampie vedute panoramiche qui, ma ti sentirai immerso nel ritmo della citt\u00e0, con scorci di palme e del mare sullo sfondo. \u00c8 un luogo accogliente dove fermarsi a prendere un caff\u00e8 prima di proseguire la passeggiata lungo <strong>Avenida del Mar<\/strong> verso il lungomare e la spiaggia.<\/p>\n\n\n\n<p>Da questa piazza alberata, segui l\u2019Avenida del Mar, fiancheggiata da sculture in bronzo di Dal\u00ed, per raggiungere in pochi minuti il <strong>Paseo Mar\u00edtimo.<\/strong> Il fitto fogliame del parco lo mantiene fresco nelle giornate calde e le sue panchine insieme alla fontana centrale lo rendono un punto d\u2019incontro naturale. \u00c8 un punto panoramico del centro storico per chi ama la vita cittadina lenta.<\/p>\n\n\n\n<div style=\"height:20px\" aria-hidden=\"true\" class=\"wp-block-spacer\"><\/div>\n\n\n\n<h3 class=\"wp-block-heading\">Paseo Mar\u00edtimo &#8211; \ud83d\udccd~7 min a piedi dal centro storico<\/h3>\n\n\n\n<figure class=\"wp-block-image size-full is-resized\"><img decoding=\"async\" width=\"1376\" height=\"600\" src=\"https:\/\/www.marbellavillage.es\/blog\/wp-content\/uploads\/2025\/09\/PASEOMARITIMO.png\" alt=\"Seafront promenade with palm trees along Marbella Paseo\u00a0Mar\u00edtimo\" class=\"wp-image-2124\" style=\"width:742px;height:auto\" srcset=\"https:\/\/www.marbellavillage.es\/blog\/wp-content\/uploads\/2025\/09\/PASEOMARITIMO.png 1376w, https:\/\/www.marbellavillage.es\/blog\/wp-content\/uploads\/2025\/09\/PASEOMARITIMO-768x335.png 768w\" sizes=\"(max-width: 1376px) 100vw, 1376px\" \/><\/figure>\n\n\n\n<p><\/p>\n\n\n\n<p>Il <strong><a href=\"https:\/\/maps.app.goo.gl\/ZRcSHTAFVTCTMYrt6\" target=\"_blank\" rel=\"noopener\">Paseo Mar\u00edtimo<\/a><\/strong> di Marbella corre parallelo alla costa e regala orizzonti mediterranei ininterrotti, perfetti per passeggiare, correre, andare in bicicletta o semplicemente sedersi su una panchina ad osservare le onde. Lo scenario \u00e8 quello classico della Costa del Sol: ampie spiagge sabbiose, mare calmo e azzurro, e un cielo sempre mutevole che al tramonto diventa particolarmente suggestivo. Alloggiare nelle vicinanze lo trasforma rapidamente in un rituale quotidiano, dalle tranquille passeggiate mattutine alle camminate nell\u2019ora dorata lungo uno dei migliori punti panoramici sul mare di Marbella.<\/p>\n\n\n\n<div style=\"height:15px\" aria-hidden=\"true\" class=\"wp-block-spacer\"><\/div>\n\n\n\n<h3 class=\"wp-block-heading\">Marbella Club Hotel (Golden Mile) &#8211; \ud83d\udccd~10 min in auto dal centro storico<\/h3>\n\n\n\n<figure class=\"wp-block-image size-full is-resized\"><img decoding=\"async\" width=\"2500\" height=\"1336\" src=\"https:\/\/www.marbellavillage.es\/blog\/wp-content\/uploads\/2025\/09\/CLUBM.png\" alt=\"Marbella Club Hotel - Viewpoints in Marbella\" class=\"wp-image-2159\" style=\"width:756px;height:auto\" srcset=\"https:\/\/www.marbellavillage.es\/blog\/wp-content\/uploads\/2025\/09\/CLUBM.png 2500w, https:\/\/www.marbellavillage.es\/blog\/wp-content\/uploads\/2025\/09\/CLUBM-768x410.png 768w, https:\/\/www.marbellavillage.es\/blog\/wp-content\/uploads\/2025\/09\/CLUBM-1536x821.png 1536w, https:\/\/www.marbellavillage.es\/blog\/wp-content\/uploads\/2025\/09\/CLUBM-2048x1094.png 2048w\" sizes=\"(max-width: 2500px) 100vw, 2500px\" \/><\/figure>\n\n\n\n<p><\/p>\n\n\n\n<p>Simbolo della <strong>Golden Mile<\/strong> dagli anni \u201950, il <strong><a href=\"https:\/\/www.marbellaclub.com\/\" target=\"_blank\" rel=\"noopener\">Marbella Club Hotel<\/a><\/strong> unisce splendidi giardini fronte mare e raffinata architettura andalusa a viste serene sul Mediterraneo a livello del mare. L\u2019accesso \u00e8 principalmente riservato agli ospiti, ma i non residenti possono di solito godere del panorama con una prenotazione al ristorante o al bar. Non \u00e8 un punto panoramico elevato, ma una vista sul mare di Marbella discreta e glamour, dove le fronde delle palme incorniciano la costa e l\u2019eleganza senza tempo crea l\u2019atmosfera. \u00c8 un punto p<strong>anoramico esclusivo della Golden Mile<\/strong>, ideale per un\u2019occasione speciale.<\/p>\n\n\n\n<div style=\"height:17px\" aria-hidden=\"true\" class=\"wp-block-spacer\"><\/div>\n\n\n\n<h3 class=\"wp-block-heading\">La Concha (Refugio de Juanar trailhead) &#8211; \ud83d\udccd~20 min in auto dal centro storico<\/h3>\n\n\n\n<figure class=\"wp-block-image size-large is-resized\"><img loading=\"lazy\" decoding=\"async\" width=\"1080\" height=\"630\" src=\"https:\/\/www.marbellavillage.es\/blog\/wp-content\/uploads\/2025\/09\/LACONCHA2-1080x630.png\" alt=\"Mountain view from La Concha summit near\u00a0Marbella\" class=\"wp-image-2139\" style=\"width:748px;height:auto\"\/><\/figure>\n\n\n\n<p><\/p>\n\n\n\n<p><strong><a href=\"https:\/\/maps.app.goo.gl\/D4TcHzaxG8DKuwSp6\" target=\"_blank\" rel=\"noopener\">La Concha<\/a><\/strong> <strong>(1.215 m),<\/strong> che si erge alle spalle di Marbella, \u00e8 la vetta simbolo della citt\u00e0 e una camminata gratificante ma impegnativa. \u00c8 consigliabile iniziare presto in primavera o in autunno con calzature adeguate. Dalla cima e dalla cresta si godono ampie vedute panoramiche su Marbella e sulla Costa del Sol; nelle giornate limpide si possono distinguere persino Gibilterra, <strong>la costa marocchina<\/strong> e la Sierra Nevada. L\u2019itinerario pi\u00f9 comune parte dal Refugio de Juanar, raggiungibile in circa 20 minuti di auto da Marbella. La salita non \u00e8 tecnica, ma \u00e8 faticosa ed esposta in alcuni tratti. \u00c8 uno dei migliori punti panoramici escursionistici vicino a Marbella per chi cerca scenari spettacolari.<\/p>\n\n\n\n<div style=\"height:12px\" aria-hidden=\"true\" class=\"wp-block-spacer\"><\/div>\n\n\n\n<h3 class=\"wp-block-heading\">Mirador de la Cruz del Juanar (Refugio de Juanar) &#8211; \ud83d\udccd~25\u201330 min in auto dal centro storico<\/h3>\n\n\n\n<figure class=\"wp-block-image size-large is-resized\"><img loading=\"lazy\" decoding=\"async\" width=\"1200\" height=\"630\" src=\"https:\/\/www.marbellavillage.es\/blog\/wp-content\/uploads\/2025\/09\/CRUZJUANAR-1200x630.png\" alt=\"Scenic viewpoint at Mirador de la Cruz del Juanar\u00a0Marbella\" class=\"wp-image-2149\" style=\"width:733px;height:auto\"\/><\/figure>\n\n\n\n<p><\/p>\n\n\n\n<p>Se cerchi sentieri escursionistici meno affollati con vista sulla costa, questo \u00e8 il posto giusto. Alternativa pi\u00f9 tranquilla a La Concha, questo belvedere della <a href=\"https:\/\/maps.app.goo.gl\/2D2uaySDCpugeyxv9\" target=\"_blank\" rel=\"noopener\"><strong>Sierra Blanca<\/strong> <\/a> offre ampie vedute su Marbella e sul Mediterraneo; nelle giornate eccezionalmente limpide si possono distinguere persino <strong>Gibilterra<\/strong> e la <strong>costa marocchina.<\/strong> Dal <a href=\"https:\/\/maps.app.goo.gl\/kZHouDbQcHUMherv5\" target=\"_blank\" rel=\"noopener\"><strong>Refugio de Juanar<\/strong>,<\/a> parte un sentiero pi\u00f9 breve e moderatamente ripido che conduce alla croce, ideale per ammirare <strong>l\u2019alba<\/strong> o<strong> il tramonto<\/strong> con clima mite. Porta con te acqua e scarpe adeguate; il percorso tra pini e ulivi e l\u2019accesso semplice lo rendono una fuga serena di mezza giornata e uno dei migliori punti panoramici vicino a Marbella per una breve escursione.<\/p>\n\n\n\n<div style=\"height:13px\" aria-hidden=\"true\" class=\"wp-block-spacer\"><\/div>\n\n\n\n<h2 class=\"wp-block-heading\">Dove soggiornare per avere facile accesso ai migliori punti panoramici di Marbella<\/h2>\n\n\n\n<p>Per accedere facilmente a tutti questi punti panoramici di Marbella, soggiorna nel centro storico. Sarai vicino al mare, alla citt\u00e0 e ai belvedere di montagna. Al Marbella Village, i nostri studi e appartamenti duplex selezionati con cura sono ideali per coppie, famiglie, amici e viaggiatori singoli, con soluzioni adatte a diversi gruppi e sia per soggiorni brevi che per vacanze pi\u00f9 lunghe<\/p>\n\n\n\n<p>La maggior parte degli appartamenti dispone di cucine completamente attrezzate e di terrazze o balconi. Si trovano a pochi passi dal <span style=\"box-sizing: border-box; margin: 0px; padding: 0px;\"><a href=\"https:\/\/maps.app.goo.gl\/hcTLcxHABjykW5G3A\" target=\"_blank\" rel=\"noopener\"><strong>Paseo Mar\u00edtimo<\/strong><\/a>,\u00a0<a href=\"https:\/\/www.marbella.es\/web\/cultura\/patrimonio\/casco\/paseo-de-la-alameda.html\" target=\"_blank\" rel=\"noopener\"><strong>Parque de la Alameda<\/strong>,<\/a><\/span> da caff\u00e8 e ristoranti, nonch\u00e9 dalle linee di <strong>autobus locali<\/strong> per <strong>Juanar\/La Concha.<\/strong><\/p>\n\n\n\n<h2 class=\"wp-block-heading\">Quando andare per godere delle migliori viste<\/h2>\n\n\n\n<p>Per temperature pi\u00f9 fresche e cieli limpidi, scegli la <strong>primavera<\/strong> o <strong>l\u2019autunno.<\/strong> L\u2019alba e l\u2019ora dorata regalano la luce pi\u00f9 morbida sul <strong>Paseo Mar\u00edtimo, La Concha <\/strong>e la <a href=\"https:\/\/maps.app.goo.gl\/Tds8B94oowt4ZWYQ6\" target=\"_blank\" rel=\"noopener\"><strong>Cruz del Juanar<\/strong>.<\/a> In estate, inizia le escursioni presto e porta con te molta acqua.<\/p>\n\n\n\n<div style=\"height:16px\" aria-hidden=\"true\" class=\"wp-block-spacer\"><\/div>\n\n\n\n<h2 class=\"wp-block-heading\">FAQ \u2013 Punti panoramici a Marbella<\/h2>\n\n\n\n<p><strong>Quali sono i migliori punti panoramici di Marbella per il tramonto?<\/strong><br>Il Paseo Mar\u00edtimo per orizzonti a livello del mare, il Mirador de la Cruz del Juanar per una luce soffusa sulla costa e La Concha per ampi panorami (inizia presto).<\/p>\n\n\n\n<p><strong>Si pu\u00f2 vedere il Marocco da Marbella?<\/strong><br>Nelle giornate molto limpide, s\u00ec. Da La Concha e dalla Cruz del Juanar si possono scorgere Gibilterra e la costa marocchina in lontananza.<\/p>\n\n\n\n<p><strong>Serve una prenotazione per godere della vista al Marbella Club Hotel?<\/strong><br>Di solito s\u00ec per chi non \u00e8 ospite; basta prenotare un ristorante o un bar per accedere a queste viste sul mare.<\/p>\n\n\n\n<div style=\"height:20px\" aria-hidden=\"true\" class=\"wp-block-spacer\"><\/div>\n\n\n\n<h2 class=\"wp-block-heading\">Considerazioni finali<\/h2>\n\n\n\n<p>I ricordi pi\u00f9 indimenticabili di Marbella nascono spesso nei momenti di quiete: contemplare l\u2019orizzonte, ripararsi all\u2019ombra di una palma o salutare il nuovo giorno da una cresta di montagna. Dai sentieri costieri ai belvedere pi\u00f9 alti, ogni luogo svela una prospettiva unica sulla citt\u00e0.<\/p>\n\n\n\n<p><strong><a href=\"https:\/\/www.marbellavillage.es\/it\/\">Prenota il tuo soggiorno con Marbella Village<\/a><\/strong> e scegli un appartamento indipendente nel cuore del centro storico, vicino ai panorami, alla cultura e alla bellezza serena di Marbella.<\/p>\n\n\n\n<p><\/p>\n","protected":false},"excerpt":{"rendered":"<p>Marbella \u00e8 famosa non solo per le spiagge e i cieli azzurri, ma anche per alcuni dei punti panoramici (miradores)&#8230;<\/p>\n","protected":false},"author":2,"featured_media":2168,"comment_status":"open","ping_status":"closed","sticky":false,"template":"","format":"standard","meta":{"footnotes":""},"categories":[96],"tags":[],"class_list":["post-2483","post","type-post","status-publish","format-standard","has-post-thumbnail","hentry","category-lifestyle-it"],"_links":{"self":[{"href":"https:\/\/www.marbellavillage.es\/blog\/it\/wp-json\/wp\/v2\/posts\/2483","targetHints":{"allow":["GET"]}}],"collection":[{"href":"https:\/\/www.marbellavillage.es\/blog\/it\/wp-json\/wp\/v2\/posts"}],"about":[{"href":"https:\/\/www.marbellavillage.es\/blog\/it\/wp-json\/wp\/v2\/types\/post"}],"author":[{"embeddable":true,"href":"https:\/\/www.marbellavillage.es\/blog\/it\/wp-json\/wp\/v2\/users\/2"}],"replies":[{"embeddable":true,"href":"https:\/\/www.marbellavillage.es\/blog\/it\/wp-json\/wp\/v2\/comments?post=2483"}],"version-history":[{"count":11,"href":"https:\/\/www.marbellavillage.es\/blog\/it\/wp-json\/wp\/v2\/posts\/2483\/revisions"}],"predecessor-version":[{"id":2541,"href":"https:\/\/www.marbellavillage.es\/blog\/it\/wp-json\/wp\/v2\/posts\/2483\/revisions\/2541"}],"wp:featuredmedia":[{"embeddable":true,"href":"https:\/\/www.marbellavillage.es\/blog\/it\/wp-json\/wp\/v2\/media\/2168"}],"wp:attachment":[{"href":"https:\/\/www.marbellavillage.es\/blog\/it\/wp-json\/wp\/v2\/media?parent=2483"}],"wp:term":[{"taxonomy":"category","embeddable":true,"href":"https:\/\/www.marbellavillage.es\/blog\/it\/wp-json\/wp\/v2\/categories?post=2483"},{"taxonomy":"post_tag","embeddable":true,"href":"https:\/\/www.marbellavillage.es\/blog\/it\/wp-json\/wp\/v2\/tags?post=2483"}],"curies":[{"name":"wp","href":"https:\/\/api.w.org\/{rel}","templated":true}]}}