{"id":1603,"date":"2024-08-04T12:55:57","date_gmt":"2024-08-04T12:55:57","guid":{"rendered":"https:\/\/www.marbellavillage.es\/blog\/trasporto-pubblico-urbano-a-marbella\/"},"modified":"2025-05-21T06:24:13","modified_gmt":"2025-05-21T06:24:13","slug":"trasporto-pubblico-urbano-a-marbella","status":"publish","type":"post","link":"https:\/\/www.marbellavillage.es\/blog\/it\/trasporto-pubblico-urbano-a-marbella\/","title":{"rendered":"Trasporto Pubblico Urbano a Marbella"},"content":{"rendered":"\n<p>Marbella, rinomata destinazione turistica, offre un sistema di trasporto pubblico urbano a Marbella efficiente e completo. Estendendosi da ovest a est, Marbella garantisce una connettivit\u00e0 perfetta in tutta la citt\u00e0, da Cabopino a Puerto Ban\u00fas e oltre. La rete di trasporti pubblici collega luoghi chiave come centri commerciali, strutture sanitarie e, soprattutto, le spiagge! A Marbella Village, i nostri esperti locali desiderano offrire una panoramica del trasporto pubblico a Marbella, descrivendo le linee urbane di autobus, i loro percorsi, la frequenza e altri dettagli essenziali per aiutare i nostri ospiti a muoversi con facilit\u00e0.    <\/p>\n\n<h2 class=\"wp-block-heading\"><strong>Trasporto Pubblico a Marbella: Panoramica delle Linee di Autobus<\/strong><\/h2>\n\n<p><strong>Linea 1: C.C. La Ca\u00f1ada \u2013 Puerto Ban\u00fas<\/strong><\/p>\n\n<p>Questa linea \u00e8 probabilmente la pi\u00f9 frequentata, collegando il Centro Commerciale La Ca\u00f1ada con il glamour di Puerto Ban\u00fas. Passa per aree note come la Parroquia de la Divina Pastora, lo stadio comunale di calcio e la Milla de Oro, arrivando infine a Plaza Antonio Banderas a Puerto Ban\u00fas. Il servizio utilizza quattro autobus ibridi del modello Mercedes-Benz Citaro, ponendo l\u2019accento sulla sicurezza e sulla sostenibilit\u00e0 ambientale.  <\/p>\n\n<figure class=\"wp-block-image size-full\"><img fetchpriority=\"high\" decoding=\"async\" width=\"2000\" height=\"1013\" src=\"https:\/\/www.marbellavillage.es\/blog\/wp-content\/uploads\/2024\/08\/Capture-decran-2024-08-04-a-0-1.png\" alt=\"Line 1 C.C. La Ca&#xF1;ada - Puerto Ban&#xFA;s\" class=\"wp-image-610\" srcset=\"https:\/\/www.marbellavillage.es\/blog\/wp-content\/uploads\/2024\/08\/Capture-decran-2024-08-04-a-0-1.png 2000w, https:\/\/www.marbellavillage.es\/blog\/wp-content\/uploads\/2024\/08\/Capture-decran-2024-08-04-a-0-1-768x389.png 768w, https:\/\/www.marbellavillage.es\/blog\/wp-content\/uploads\/2024\/08\/Capture-decran-2024-08-04-a-0-1-1536x778.png 1536w\" sizes=\"(max-width: 2000px) 100vw, 2000px\" \/><\/figure>\n\n<p><strong>Line 2: C.C. La Ca\u00f1ada &#8211; Mirador<\/strong><\/p>\n\n<p>Questa linea attraversa il centro urbano, collegando la stazione degli autobus di Marbella con gli impianti sportivi comunali. Offre una frequenza potenziata e collega diversi punti vitali, come i nostri splendidi alloggi a Marbella Village. <\/p>\n\n<figure class=\"wp-block-image size-full\"><img decoding=\"async\" width=\"2000\" height=\"1012\" src=\"https:\/\/www.marbellavillage.es\/blog\/wp-content\/uploads\/2024\/08\/Capture-decran-2024-08-04-a-0-1-1.png\" alt=\"Line 2: C.C. La Ca&#xF1;ada - Mirador\" class=\"wp-image-615\" srcset=\"https:\/\/www.marbellavillage.es\/blog\/wp-content\/uploads\/2024\/08\/Capture-decran-2024-08-04-a-0-1-1.png 2000w, https:\/\/www.marbellavillage.es\/blog\/wp-content\/uploads\/2024\/08\/Capture-decran-2024-08-04-a-0-1-1-768x389.png 768w, https:\/\/www.marbellavillage.es\/blog\/wp-content\/uploads\/2024\/08\/Capture-decran-2024-08-04-a-0-1-1-1536x777.png 1536w\" sizes=\"(max-width: 2000px) 100vw, 2000px\" \/><\/figure>\n\n<p><strong>Line 3: C.C. La Ca\u00f1ada &#8211; El \u00c1ngel<\/strong><br\/><\/p>\n\n<p>Una linea di recente creazione che fornisce collegamenti prima inesistenti tra El \u00c1ngel e Puerto Ban\u00fas. Grazie a questa linea, i servizi e le corse aumentano notevolmente, garantendo un collegamento essenziale per i residenti. <\/p>\n\n<figure class=\"wp-block-image size-full\"><img decoding=\"async\" width=\"2000\" height=\"1023\" src=\"https:\/\/www.marbellavillage.es\/blog\/wp-content\/uploads\/2024\/08\/Capture-decran-2024-08-04-a-0-2.png\" alt=\"Line 3: C.C. La Ca&#xF1;ada - El &#xC1;ngel\" class=\"wp-image-620\" srcset=\"https:\/\/www.marbellavillage.es\/blog\/wp-content\/uploads\/2024\/08\/Capture-decran-2024-08-04-a-0-2.png 2000w, https:\/\/www.marbellavillage.es\/blog\/wp-content\/uploads\/2024\/08\/Capture-decran-2024-08-04-a-0-2-768x393.png 768w, https:\/\/www.marbellavillage.es\/blog\/wp-content\/uploads\/2024\/08\/Capture-decran-2024-08-04-a-0-2-1536x786.png 1536w\" sizes=\"(max-width: 2000px) 100vw, 2000px\" \/><\/figure>\n\n<p><strong>Line 6: Cabopino &#8211; C.C. La Ca\u00f1ada<\/strong><\/p>\n\n<p>Il percorso pi\u00f9 lungo collega il centro di Marbella a punti di interesse come il comando di polizia locale, l\u2019Ospedale Costa del Sol e nuove aree residenziali. Cabopino \u00e8 incluso nella rete, offrendo servizi fondamentali per questa zona meridionale. <\/p>\n\n<figure class=\"wp-block-image size-full\"><img loading=\"lazy\" decoding=\"async\" width=\"2000\" height=\"994\" src=\"https:\/\/www.marbellavillage.es\/blog\/wp-content\/uploads\/2024\/08\/Capture-decran-2024-08-04-a-0-3.png\" alt=\"Line 6: Cabopino - C.C. La Ca&#xF1;ada\" class=\"wp-image-625\" srcset=\"https:\/\/www.marbellavillage.es\/blog\/wp-content\/uploads\/2024\/08\/Capture-decran-2024-08-04-a-0-3.png 2000w, https:\/\/www.marbellavillage.es\/blog\/wp-content\/uploads\/2024\/08\/Capture-decran-2024-08-04-a-0-3-768x382.png 768w, https:\/\/www.marbellavillage.es\/blog\/wp-content\/uploads\/2024\/08\/Capture-decran-2024-08-04-a-0-3-1536x763.png 1536w\" sizes=\"(max-width: 2000px) 100vw, 2000px\" \/><\/figure>\n\n<p><strong><strong>Linea 6B: C.C. La Ca\u00f1ada &#8211; Belo Horizonte Alto <\/strong><\/strong><\/p>\n\n<p>Questa linea \u00e8 un\u2019alternativa alla Linea 6 per chi desidera restare nel centro di Marbella. Collega il centro commerciale La Ca\u00f1ada, passando per il Mercado Municipal, e prosegue verso l\u2019Avenida con vista mare. <strong> <\/strong>Transita inoltre molto vicino ai nostri splendidi appartamenti di Marbella Village!<\/p>\n\n<figure class=\"wp-block-image size-full\"><img loading=\"lazy\" decoding=\"async\" width=\"1212\" height=\"610\" src=\"https:\/\/www.marbellavillage.es\/blog\/wp-content\/uploads\/2024\/08\/Capture-decran-2024-08-04-a-07.26.13.png\" alt=\"Line 6B\" class=\"wp-image-640\" srcset=\"https:\/\/www.marbellavillage.es\/blog\/wp-content\/uploads\/2024\/08\/Capture-decran-2024-08-04-a-07.26.13.png 1212w, https:\/\/www.marbellavillage.es\/blog\/wp-content\/uploads\/2024\/08\/Capture-decran-2024-08-04-a-07.26.13-768x387.png 768w\" sizes=\"(max-width: 1212px) 100vw, 1212px\" \/><\/figure>\n\n<p><strong>Linea 8: C.C. La Ca\u00f1ada \u2013 San Pedro (Notturna)<\/strong><\/p>\n\n<p>Il servizio notturno collega il Centro Commerciale La Ca\u00f1ada con il centro di Marbella, la Milla de Oro, Puerto Ban\u00fas e San Pedro Alc\u00e1ntara, rispondendo alle esigenze di turisti e residenti. \u00c8 attivo tutti i giorni, garantendo copertura 24 ore su 24. <\/p>\n\n<figure class=\"wp-block-image size-full\"><img loading=\"lazy\" decoding=\"async\" width=\"2000\" height=\"1018\" src=\"https:\/\/www.marbellavillage.es\/blog\/wp-content\/uploads\/2024\/08\/Capture-decran-2024-08-04-a-0-5-1.png\" alt=\"Line 8: C.C. La Ca&#xF1;ada - San Pedro (Nocturno)\" class=\"wp-image-650\" srcset=\"https:\/\/www.marbellavillage.es\/blog\/wp-content\/uploads\/2024\/08\/Capture-decran-2024-08-04-a-0-5-1.png 2000w, https:\/\/www.marbellavillage.es\/blog\/wp-content\/uploads\/2024\/08\/Capture-decran-2024-08-04-a-0-5-1-768x391.png 768w, https:\/\/www.marbellavillage.es\/blog\/wp-content\/uploads\/2024\/08\/Capture-decran-2024-08-04-a-0-5-1-1536x782.png 1536w\" sizes=\"(max-width: 2000px) 100vw, 2000px\" \/><\/figure>\n\n<p><strong>Linea 9: Cabopino \u2013 Marbella Centro (Notturna)<\/strong><\/p>\n\n<p>Questa linea notturna collega il centro di Marbella a Cabopino, offrendo importanti collegamenti verso le principali aree di intrattenimento notturno. Opera con un autobus Mercedes-Benz Citaro da 12 metri, assicurando un trasporto sicuro e affidabile nelle ore serali. <\/p>\n\n<figure class=\"wp-block-image size-full\"><img loading=\"lazy\" decoding=\"async\" width=\"2000\" height=\"997\" src=\"https:\/\/www.marbellavillage.es\/blog\/wp-content\/uploads\/2024\/08\/Capture-decran-2024-08-04-a-0-6.png\" alt=\"Line 9: Cabopino - Marbella Centro (Nocturno) public transport route\" class=\"wp-image-655\" srcset=\"https:\/\/www.marbellavillage.es\/blog\/wp-content\/uploads\/2024\/08\/Capture-decran-2024-08-04-a-0-6.png 2000w, https:\/\/www.marbellavillage.es\/blog\/wp-content\/uploads\/2024\/08\/Capture-decran-2024-08-04-a-0-6-768x383.png 768w, https:\/\/www.marbellavillage.es\/blog\/wp-content\/uploads\/2024\/08\/Capture-decran-2024-08-04-a-0-6-1536x766.png 1536w\" sizes=\"(max-width: 2000px) 100vw, 2000px\" \/><\/figure>\n\n<h2 class=\"wp-block-heading\"><strong>Tariffe e Abbonamenti<\/strong><\/h2>\n\n<p>I prezzi dei biglietti del sistema di trasporto urbano di Marbella sono accessibili, pensati sia per residenti che per turisti. Sono disponibili diverse soluzioni: <\/p>\n\n<ul class=\"wp-block-list\">\n<li><strong>Biglietto Singolo<\/strong>: \u20ac 1,20<\/li>\n\n\n\n<li><strong>Carnet da 10 Viaggi<\/strong>: \u20ac 10,50<\/li>\n\n\n\n<li><strong>Abbonamento Mensile<\/strong>: \u20ac 35 (viaggi illimitati per un mese)<\/li>\n\n\n\n<li><strong>Pass Turistico<\/strong>: \u20ac 15 per 3 giorni (viaggi illimitati)<\/li>\n<\/ul>\n\n<p><\/p>\n\n<h2 class=\"wp-block-heading\"><strong>Frequenza dei Bus<\/strong><\/h2>\n\n<p><\/p>\n\n<p><a href=\"https:\/\/malaga.avanzagrupo.com\/en\" target=\"_blank\" rel=\"noopener\">I bus a Marbella<\/a> circolano con cadenza frequente per garantire tempi di attesa ridotti e massima comodit\u00e0 per i passeggeri. La frequenza varia in base alla linea e all\u2019orario: <\/p>\n\n<ul class=\"wp-block-list\">\n<li><strong>Ore di punta<\/strong>: ogni 15\u201320 minuti<\/li>\n\n\n\n<li><strong>Ore non di punta<\/strong>: ogni 30 minuti<\/li>\n\n\n\n<li><strong>Servizi notturni<\/strong>: ogni ora<\/li>\n<\/ul>\n\n<p><\/p>\n\n<h3 class=\"wp-block-heading\"><strong>Conclusione<\/strong><\/h3>\n\n<p>Il sistema di trasporto pubblico urbano di Marbella \u00e8 progettato per offrire servizi efficienti, affidabili ed ecologici a residenti e visitatori. Che tu debba andare al lavoro, esplorare le attrazioni della citt\u00e0 o goderti una serata, i bus di Marbella rappresentano un modo comodo per muoversi. Grazie a corse frequenti, tariffe convenienti e una copertura capillare, Marbella garantisce un\u2019esperienza di viaggio senza interruzioni per tutti. Prenotando con noi a <a href=\"https:\/\/www.marbellavillage.es\/rentals\/holidays-rentals-rentals-d0\/\">Marbella Village<\/a>, avrai tutte queste linee a pochi minuti a piedi dal tuo alloggio   <\/p>\n\n<p><\/p>\n","protected":false},"excerpt":{"rendered":"<p>Marbella, rinomata destinazione turistica, offre un sistema di trasporto pubblico urbano a Marbella efficiente e completo. Estendendosi da ovest a&#8230;<\/p>\n","protected":false},"author":2,"featured_media":613,"comment_status":"open","ping_status":"closed","sticky":false,"template":"","format":"standard","meta":{"footnotes":""},"categories":[82],"tags":[],"class_list":["post-1603","post","type-post","status-publish","format-standard","has-post-thumbnail","hentry","category-consigli"],"_links":{"self":[{"href":"https:\/\/www.marbellavillage.es\/blog\/it\/wp-json\/wp\/v2\/posts\/1603","targetHints":{"allow":["GET"]}}],"collection":[{"href":"https:\/\/www.marbellavillage.es\/blog\/it\/wp-json\/wp\/v2\/posts"}],"about":[{"href":"https:\/\/www.marbellavillage.es\/blog\/it\/wp-json\/wp\/v2\/types\/post"}],"author":[{"embeddable":true,"href":"https:\/\/www.marbellavillage.es\/blog\/it\/wp-json\/wp\/v2\/users\/2"}],"replies":[{"embeddable":true,"href":"https:\/\/www.marbellavillage.es\/blog\/it\/wp-json\/wp\/v2\/comments?post=1603"}],"version-history":[{"count":1,"href":"https:\/\/www.marbellavillage.es\/blog\/it\/wp-json\/wp\/v2\/posts\/1603\/revisions"}],"predecessor-version":[{"id":1604,"href":"https:\/\/www.marbellavillage.es\/blog\/it\/wp-json\/wp\/v2\/posts\/1603\/revisions\/1604"}],"wp:featuredmedia":[{"embeddable":true,"href":"https:\/\/www.marbellavillage.es\/blog\/it\/wp-json\/wp\/v2\/media\/613"}],"wp:attachment":[{"href":"https:\/\/www.marbellavillage.es\/blog\/it\/wp-json\/wp\/v2\/media?parent=1603"}],"wp:term":[{"taxonomy":"category","embeddable":true,"href":"https:\/\/www.marbellavillage.es\/blog\/it\/wp-json\/wp\/v2\/categories?post=1603"},{"taxonomy":"post_tag","embeddable":true,"href":"https:\/\/www.marbellavillage.es\/blog\/it\/wp-json\/wp\/v2\/tags?post=1603"}],"curies":[{"name":"wp","href":"https:\/\/api.w.org\/{rel}","templated":true}]}}