{"id":4080,"date":"2026-08-27T14:57:14","date_gmt":"2026-08-27T14:57:14","guid":{"rendered":"https:\/\/www.marbellavillage.es\/blog\/coffee-in-marbella-the-essential-old-town-cafe-guide\/"},"modified":"2026-08-30T06:07:17","modified_gmt":"2026-08-30T06:07:17","slug":"cafe-a-marbella","status":"publish","type":"post","link":"https:\/\/www.marbellavillage.es\/blog\/fr\/cafe-a-marbella\/","title":{"rendered":"Caf\u00e9 \u00e0 Marbella : le guide essentiel des caf\u00e9s du centre"},"content":{"rendered":"\n<p class=\"wp-block-paragraph\">Prendre un bon caf\u00e9 \u00e0 Marbella se r\u00e9sumait autrefois \u00e0 un caf\u00e9 con leche vite aval\u00e9 au bar du coin, et il n&rsquo;y a rien de mal \u00e0 cela. Mais ces derni\u00e8res ann\u00e9es, une petite vague de caf\u00e9s de sp\u00e9cialit\u00e9 a discr\u00e8tement chang\u00e9 la donne, et la vieille ville compte d\u00e9sormais des adresses qui torr\u00e9fient leurs propres grains, servent un vrai flat white et proposent des brunchs o\u00f9 l&rsquo;on s&rsquo;attarde volontiers.<\/p>\n\n\n\n<p class=\"wp-block-paragraph\">Ce guide local r\u00e9unit quelques favoris dans la vieille ville et ses alentours, le genre d&rsquo;endroits o\u00f9 les couples, les t\u00e9l\u00e9travailleurs et les voyageurs sans h\u00e2te auront envie de revenir. Petites balades, bons grains et jolis coins : voici par o\u00f9 commencer.<\/p>\n\n\n\n<h2 class=\"wp-block-heading\">Pourquoi le caf\u00e9 \u00e0 Marbella a le vent en poupe<\/h2>\n\n\n\n<p class=\"wp-block-paragraph\">Longtemps, la c\u00f4te a \u00e9t\u00e9 plus r\u00e9put\u00e9e pour ses bars de plage que pour ses baristas. Cela a chang\u00e9. Une nouvelle g\u00e9n\u00e9ration de caf\u00e9s ind\u00e9pendants est arriv\u00e9e, beaucoup torr\u00e9fiant sur place et prenant leur espresso aussi au s\u00e9rieux que n&rsquo;importe quelle grande ville.<\/p>\n\n\n\n<p class=\"wp-block-paragraph\">Si la tendance colle si bien \u00e0 la vieille ville, la raison est simple. Le Casco Antiguo est compact et fait pour la marche, alors passer d&rsquo;un caf\u00e9 \u00e0 l&rsquo;autre y est un jeu d&rsquo;enfant. Vous commencez par un cortado sur une place, fl\u00e2nez quelques rues, et tombez sur une nouvelle adresse pour le brunch sans jamais avoir besoin de voiture.<\/p>\n\n\n\n<p class=\"wp-block-paragraph\">Cela correspond aussi \u00e0 la fa\u00e7on de voyager d&rsquo;aujourd&rsquo;hui. Les t\u00e9l\u00e9travailleurs ont fait de Marbella une base, et un flat white fiable avec un bon Wi-Fi fait partie de l&rsquo;attrait. Si c&rsquo;est votre cas, ce type de s\u00e9jour prend tout son sens sur plusieurs jours : notre guide sur le <a href=\"https:\/\/www.marbellavillage.es\/blog\/fr\/combien-de-jours-faut-il-pour-visiter-le-casco-antiguo-de-marbella\/\">nombre de jours id\u00e9al pour visiter la vieille ville<\/a> \u00e9voque justement les s\u00e9jours prolong\u00e9s et le coworking \u00e0 proximit\u00e9.<\/p>\n\n\n\n<h2 class=\"wp-block-heading\">1. Kafein : caf\u00e9 de sp\u00e9cialit\u00e9 et brunch dans la vieille ville<\/h2>\n\n\n\n<p class=\"wp-block-paragraph\"><\/p>\n\n\n\n<figure class=\"wp-block-image size-full\"><img fetchpriority=\"high\" decoding=\"async\" width=\"1360\" height=\"1020\" src=\"https:\/\/www.marbellavillage.es\/blog\/wp-content\/uploads\/2026\/08\/unnamed.jpg\" alt=\"\" class=\"wp-image-4075\" srcset=\"https:\/\/www.marbellavillage.es\/blog\/wp-content\/uploads\/2026\/08\/unnamed.jpg 1360w, https:\/\/www.marbellavillage.es\/blog\/wp-content\/uploads\/2026\/08\/unnamed-768x576.jpg 768w\" sizes=\"(max-width: 1360px) 100vw, 1360px\" \/><\/figure>\n\n\n\n<p class=\"wp-block-paragraph\"><\/p>\n\n\n\n<p class=\"wp-block-paragraph\">Kafein est l&rsquo;adresse la plus facile \u00e0 adopter. En plein centre historique, elle associe un caf\u00e9 de sp\u00e9cialit\u00e9 \u00e0 un comptoir de p\u00e2tisseries d&rsquo;inspiration italienne, et le r\u00e9sultat fonctionne aussi bien pour un cortado rapide le matin que pour un long brunch tranquille.<\/p>\n\n\n\n<p class=\"wp-block-paragraph\">La philosophie va du grain \u00e0 la tasse et de la p\u00e2te \u00e0 l&rsquo;assiette : des grains issus de sources durables, torr\u00e9fi\u00e9s pour r\u00e9v\u00e9ler leur caract\u00e8re, aux c\u00f4t\u00e9s de p\u00e2tisseries maison. Le croissant fourr\u00e9 pistache-fraise a ses adeptes, et les assiettes de brunch sont g\u00e9n\u00e9reuses. Des laits v\u00e9g\u00e9taux sont disponibles, ce qui n&rsquo;est pas donn\u00e9 partout.<\/p>\n\n\n\n<p class=\"wp-block-paragraph\">Le cadre aide aussi. Les tables d\u00e9bordent sur une rue calme \u00e0 deux pas de la place principale, l&rsquo;int\u00e9rieur est soign\u00e9, et les prix sont plus doux que ne le laisse deviner le d\u00e9cor. Kafein ouvre t\u00f4t en semaine et un peu plus tard le week-end, ce qui convient aussi bien aux l\u00e8ve-t\u00f4t qu&rsquo;aux adeptes du dimanche paresseux.<\/p>\n\n\n\n<p class=\"wp-block-paragraph\"><\/p>\n\n\n\n<h2 class=\"wp-block-heading\">2. Bootes : un kiosque de caf\u00e9 de sp\u00e9cialit\u00e9 \u00e0 emporter<\/h2>\n\n\n\n<p class=\"wp-block-paragraph\"><\/p>\n\n\n\n<figure class=\"wp-block-image size-full\"><img decoding=\"async\" width=\"1400\" height=\"1050\" src=\"https:\/\/www.marbellavillage.es\/blog\/wp-content\/uploads\/2026\/08\/caption-2.jpg\" alt=\"\" class=\"wp-image-4076\" srcset=\"https:\/\/www.marbellavillage.es\/blog\/wp-content\/uploads\/2026\/08\/caption-2.jpg 1400w, https:\/\/www.marbellavillage.es\/blog\/wp-content\/uploads\/2026\/08\/caption-2-768x576.jpg 768w\" sizes=\"(max-width: 1400px) 100vw, 1400px\" \/><\/figure>\n\n\n\n<p class=\"wp-block-paragraph\"><\/p>\n\n\n\n<p class=\"wp-block-paragraph\">Un bon caf\u00e9 n&rsquo;a pas toujours besoin d&rsquo;une table. Bootes est un petit kiosque de caf\u00e9 de sp\u00e9cialit\u00e9 de la vieille ville, construit autour d&rsquo;une id\u00e9e bien ex\u00e9cut\u00e9e : un excellent caf\u00e9 \u00e0 emporter au fil de la promenade.<\/p>\n\n\n\n<p class=\"wp-block-paragraph\">En plus des boissons \u00e0 base d&rsquo;espresso, on y trouve du matcha, des options froides pour les journ\u00e9es plus chaudes et des laits v\u00e9g\u00e9taux, le tout servi depuis une \u00e9choppe compacte. C&rsquo;est le genre d&rsquo;adresse que l&rsquo;on glisse dans une balade matinale plut\u00f4t qu&rsquo;un endroit o\u00f9 s&rsquo;installer des heures.<\/p>\n\n\n\n<p class=\"wp-block-paragraph\">Le compagnon id\u00e9al d&rsquo;une promenade, donc. Prenez un gobelet, suivez notre <a href=\"https:\/\/www.marbellavillage.es\/blog\/fr\/visite-pied-vieille-ville-marbella\/\">visite \u00e0 pied de la vieille ville<\/a> dans les plus jolies ruelles, et laissez le caf\u00e9 vous accompagner.<\/p>\n\n\n\n<p class=\"wp-block-paragraph\"><\/p>\n\n\n\n<h2 class=\"wp-block-heading\">3. Mi Casa Tu Casa : brunch mexicain et excellent caf\u00e9<\/h2>\n\n\n\n<p class=\"wp-block-paragraph\"><\/p>\n\n\n\n<figure class=\"wp-block-image size-full\"><img decoding=\"async\" width=\"1350\" height=\"1020\" src=\"https:\/\/www.marbellavillage.es\/blog\/wp-content\/uploads\/2026\/08\/unnamed-1.jpg\" alt=\"\" class=\"wp-image-4077\" srcset=\"https:\/\/www.marbellavillage.es\/blog\/wp-content\/uploads\/2026\/08\/unnamed-1.jpg 1350w, https:\/\/www.marbellavillage.es\/blog\/wp-content\/uploads\/2026\/08\/unnamed-1-768x580.jpg 768w\" sizes=\"(max-width: 1350px) 100vw, 1350px\" \/><\/figure>\n\n\n\n<p class=\"wp-block-paragraph\"><\/p>\n\n\n\n<p class=\"wp-block-paragraph\">Juste au-del\u00e0 de la vieille ville, pr\u00e8s du centre et \u00e0 quelques pas de la mer, Mi Casa Tu Casa apporte une touche diff\u00e9rente \u00e0 la sc\u00e8ne caf\u00e9i\u00e8re : un caf\u00e9 de sp\u00e9cialit\u00e9 avec un brunch d&rsquo;inspiration mexicaine. On y torr\u00e9fie ses propres grains, et les habitu\u00e9s s&rsquo;enthousiasment autant pour la tasse que pour la cuisine.<\/p>\n\n\n\n<p class=\"wp-block-paragraph\">La carte est un attrait autant que le caf\u00e9. Imaginez un flat white avec un croissant \u00e0 la pistache, ou des assiettes plus consistantes comme un burrito du petit-d\u00e9jeuner, une tostada mexicaine et des \u0153ufs benedict sur gaufre, plus des jus frais et color\u00e9s. La salle est chaleureuse et pleine de d\u00e9tails soign\u00e9s, de la vaisselle \u00e0 la bande-son.<\/p>\n\n\n\n<p class=\"wp-block-paragraph\">C&rsquo;est aussi un lieu accueillant \u00e0 tous les \u00e9gards : fi\u00e8rement tenu par des femmes et inclusif, avec une atmosph\u00e8re vraiment comme \u00e0 la maison que les habitu\u00e9s adorent. \u00c0 noter : l&rsquo;adresse garde des horaires de journ\u00e9e et ferme le dimanche, pr\u00e9voyez donc une visite en semaine ou le samedi. Pour d&rsquo;autres id\u00e9es de tables tout au long de la journ\u00e9e, notre comparatif <a href=\"https:\/\/www.marbellavillage.es\/blog\/fr\/vieille-ville-marbella-ou-puerto-banus\/\">vieille ville ou Puerto Ban\u00fas<\/a> aide \u00e0 choisir o\u00f9 poser ses valises.<\/p>\n\n\n\n<p class=\"wp-block-paragraph\"><\/p>\n\n\n\n<h2 class=\"wp-block-heading\">4. Pi\u00d1am Coffee and More : le caf\u00e9 jusqu&rsquo;au soir<\/h2>\n\n\n\n<p class=\"wp-block-paragraph\"><\/p>\n\n\n\n<figure class=\"wp-block-image size-full\"><img loading=\"lazy\" decoding=\"async\" width=\"1360\" height=\"765\" src=\"https:\/\/www.marbellavillage.es\/blog\/wp-content\/uploads\/2026\/08\/unnamed-2.jpg\" alt=\"\" class=\"wp-image-4078\" srcset=\"https:\/\/www.marbellavillage.es\/blog\/wp-content\/uploads\/2026\/08\/unnamed-2.jpg 1360w, https:\/\/www.marbellavillage.es\/blog\/wp-content\/uploads\/2026\/08\/unnamed-2-768x432.jpg 768w\" sizes=\"(max-width: 1360px) 100vw, 1360px\" \/><\/figure>\n\n\n\n<p class=\"wp-block-paragraph\"><\/p>\n\n\n\n<p class=\"wp-block-paragraph\">L\u00e0 o\u00f9 la plupart des adresses de sp\u00e9cialit\u00e9 l\u00e8vent le pied apr\u00e8s le d\u00e9jeuner, Pi\u00d1am Coffee and More continue. Install\u00e9 Calle Notario Luis Oliver, \u00e0 quelques minutes \u00e0 pied de la vieille ville, c&rsquo;est l&rsquo;adresse \u00e0 retenir quand il est seize heures et que vous voulez encore un vrai caf\u00e9 plut\u00f4t que la premi\u00e8re terrasse venue.<\/p>\n\n\n\n<p class=\"wp-block-paragraph\">Comme son nom l&rsquo;indique, c&rsquo;est du caf\u00e9 et plus encore : un endroit d\u00e9tendu pour une tasse accompagn\u00e9e de quelque chose \u00e0 grignoter, que vous fassiez le plein en milieu d&rsquo;apr\u00e8s-midi ou que vous entamiez tranquillement la soir\u00e9e. Parce qu&rsquo;il reste ouvert plus tard que la foule du brunch, il comble un vrai manque dans une sc\u00e8ne tr\u00e8s matinale.<\/p>\n\n\n\n<p class=\"wp-block-paragraph\">Cela en fait le compl\u00e9ment naturel d&rsquo;une journ\u00e9e de fl\u00e2nerie. Explorez les ruelles, d\u00e9jeunez ailleurs, puis revenez ici pour un flat white de l&rsquo;apr\u00e8s-midi quand la lumi\u00e8re se fait dor\u00e9e. C&rsquo;est exactement le genre d&rsquo;adresse ind\u00e9pendante et d\u00e9contract\u00e9e qui rend la sc\u00e8ne caf\u00e9i\u00e8re de Marbella digne d&rsquo;int\u00e9r\u00eat.<\/p>\n\n\n\n<p class=\"wp-block-paragraph\"><\/p>\n\n\n\n<h2 class=\"wp-block-heading\">Composer la matin\u00e9e caf\u00e9 parfaite \u00e0 Marbella<\/h2>\n\n\n\n<p class=\"wp-block-paragraph\">Le plaisir du caf\u00e9 \u00e0 Marbella, c&rsquo;est de pouvoir encha\u00eener plusieurs de ces adresses en une seule matin\u00e9e sans h\u00e2te. Commencez t\u00f4t par un cortado dans un coin calme avant que les rues ne se remplissent, puis encha\u00eenez sur un brunch quand l&rsquo;app\u00e9tit suit.<\/p>\n\n\n\n<p class=\"wp-block-paragraph\">Si vous pr\u00e9f\u00e9rez la version traditionnelle un matin, troquez le flat white contre le classique local : des churros avec un chocolat chaud \u00e9pais. Nos <a href=\"https:\/\/www.marbellavillage.es\/blog\/fr\/conseils-de-voyage-a-marbella-plus-de-10-choses-essentielles-a-savoir-pour-vos-vacances-sur-la-costa-del-sol\/\">meilleurs conseils de voyage \u00e0 Marbella<\/a> indiquent o\u00f9 les habitants vont pour ce rituel du matin.<\/p>\n\n\n\n<p class=\"wp-block-paragraph\">Apr\u00e8s le caf\u00e9, la journ\u00e9e se prolonge naturellement. Quand le soleil descend, les <a href=\"https:\/\/www.marbellavillage.es\/blog\/fr\/bars-a-vin-marbella\/\">meilleures adresses pour un verre de vin<\/a> prennent le relais des tasses du matin, dans la m\u00eame veine conviviale.<\/p>\n\n\n\n<p class=\"wp-block-paragraph\"><\/p>\n\n\n\n<h2 class=\"wp-block-heading\">O\u00f9 loger pour le meilleur caf\u00e9 \u00e0 Marbella<\/h2>\n\n\n\n<p class=\"wp-block-paragraph\">Voici l&rsquo;avantage discret de s\u00e9journer dans le Casco Antiguo : le meilleur caf\u00e9 \u00e0 Marbella est \u00e0 votre porte. Loger au c\u0153ur de la vieille ville, c&rsquo;est pouvoir sortir du lit et rejoindre un caf\u00e9 de sp\u00e9cialit\u00e9 en quelques minutes, sans rien planifier.<\/p>\n\n\n\n<p class=\"wp-block-paragraph\">Un appartement rend ces matin\u00e9es lentes encore meilleures. Vous pr\u00e9parez votre premi\u00e8re tasse chez vous, puis sortez pour un vrai flat white et un brunch quand vous \u00eates pr\u00eat. Si vous pesez le pour et le contre, notre comparaison <a href=\"https:\/\/www.marbellavillage.es\/blog\/fr\/appartement-ou-hotel-marbella\/\">appartement ou h\u00f4tel dans la vieille ville<\/a> explique pourquoi la location convient \u00e0 ce genre de s\u00e9jour sans h\u00e2te.<\/p>\n\n\n\n<p class=\"wp-block-paragraph\"><\/p>\n\n\n\n<h2 class=\"wp-block-heading\">Questions fr\u00e9quentes sur le caf\u00e9 \u00e0 Marbella<\/h2>\n\n\n\n<p class=\"wp-block-paragraph\"><strong>O\u00f9 trouver un caf\u00e9 de sp\u00e9cialit\u00e9 \u00e0 Marbella ?<\/strong><br>La vieille ville et les rues juste autour sont votre meilleure option. Kafein et Bootes se trouvent dans le centre historique, tandis que Mi Casa Tu Casa et Pi\u00d1am Coffee and More sont \u00e0 quelques minutes \u00e0 pied, pr\u00e8s du centre.<\/p>\n\n\n\n<p class=\"wp-block-paragraph\"><strong>Quel caf\u00e9 choisir pour le brunch ?<\/strong><br>Kafein et Mi Casa Tu Casa sont deux excellents choix. Kafein penche vers la M\u00e9diterran\u00e9e avec un comptoir de p\u00e2tisseries d&rsquo;influence italienne, tandis que Mi Casa Tu Casa propose une carte d&rsquo;inspiration mexicaine.<\/p>\n\n\n\n<p class=\"wp-block-paragraph\"><strong>O\u00f9 prendre un caf\u00e9 \u00e0 emporter ?<\/strong><br>Bootes est fait pour \u00e7a : un kiosque de sp\u00e9cialit\u00e9 compact dans la vieille ville, qui sert caf\u00e9, matcha et boissons froides \u00e0 emporter, id\u00e9al pour une balade.<\/p>\n\n\n\n<p class=\"wp-block-paragraph\"><strong>O\u00f9 boire un bon caf\u00e9 l&rsquo;apr\u00e8s-midi ?<\/strong><br>Pi\u00d1am Coffee and More reste ouvert jusqu&rsquo;en soir\u00e9e, un choix fiable quand les adresses \u00e0 brunch du matin ont d\u00e9j\u00e0 ferm\u00e9.<\/p>\n\n\n\n<p class=\"wp-block-paragraph\"><strong>Ces caf\u00e9s conviennent-ils au t\u00e9l\u00e9travail ?<\/strong><br>Beaucoup, oui, m\u00eame si les petits kiosques sont plus adapt\u00e9s \u00e0 une tasse rapide qu&rsquo;\u00e0 une longue session. Pour les longues plages de travail, associez une matin\u00e9e caf\u00e9 \u00e0 un espace de coworking \u00e0 proximit\u00e9.<\/p>\n\n\n\n<p class=\"wp-block-paragraph\"><\/p>\n\n\n\n<h2 class=\"wp-block-heading\"><strong>Envie de vous r\u00e9veiller \u00e0 deux pas du meilleur caf\u00e9 de la ville ?<\/strong><\/h2>\n\n\n\n<p class=\"wp-block-paragraph\">R\u00e9servez votre appartement au c\u0153ur de la vieille ville et commencez chaque matin\u00e9e \u00e0 quelques minutes des meilleurs caf\u00e9s de Marbella. <a href=\"https:\/\/www.marbellavillage.es\/rentals\/holidays-rentals-rentals-p0\/\">R\u00e9servez votre s\u00e9jour avec Marbella Village<\/a> et profitez de remises allant jusqu&rsquo;\u00e0 35 % sur les longs s\u00e9jours.<\/p>\n\n\n\n<p class=\"wp-block-paragraph\"><\/p>\n","protected":false},"excerpt":{"rendered":"<p>Prendre un bon caf\u00e9 \u00e0 Marbella se r\u00e9sumait autrefois \u00e0 un caf\u00e9 con leche vite aval\u00e9 au bar du coin,&#8230;<\/p>\n","protected":false},"author":2,"featured_media":4079,"comment_status":"open","ping_status":"closed","sticky":false,"template":"","format":"standard","meta":{"footnotes":""},"categories":[52],"tags":[],"class_list":["post-4080","post","type-post","status-publish","format-standard","has-post-thumbnail","hentry","category-food-fr"],"_links":{"self":[{"href":"https:\/\/www.marbellavillage.es\/blog\/fr\/wp-json\/wp\/v2\/posts\/4080","targetHints":{"allow":["GET"]}}],"collection":[{"href":"https:\/\/www.marbellavillage.es\/blog\/fr\/wp-json\/wp\/v2\/posts"}],"about":[{"href":"https:\/\/www.marbellavillage.es\/blog\/fr\/wp-json\/wp\/v2\/types\/post"}],"author":[{"embeddable":true,"href":"https:\/\/www.marbellavillage.es\/blog\/fr\/wp-json\/wp\/v2\/users\/2"}],"replies":[{"embeddable":true,"href":"https:\/\/www.marbellavillage.es\/blog\/fr\/wp-json\/wp\/v2\/comments?post=4080"}],"version-history":[{"count":2,"href":"https:\/\/www.marbellavillage.es\/blog\/fr\/wp-json\/wp\/v2\/posts\/4080\/revisions"}],"predecessor-version":[{"id":4083,"href":"https:\/\/www.marbellavillage.es\/blog\/fr\/wp-json\/wp\/v2\/posts\/4080\/revisions\/4083"}],"wp:featuredmedia":[{"embeddable":true,"href":"https:\/\/www.marbellavillage.es\/blog\/fr\/wp-json\/wp\/v2\/media\/4079"}],"wp:attachment":[{"href":"https:\/\/www.marbellavillage.es\/blog\/fr\/wp-json\/wp\/v2\/media?parent=4080"}],"wp:term":[{"taxonomy":"category","embeddable":true,"href":"https:\/\/www.marbellavillage.es\/blog\/fr\/wp-json\/wp\/v2\/categories?post=4080"},{"taxonomy":"post_tag","embeddable":true,"href":"https:\/\/www.marbellavillage.es\/blog\/fr\/wp-json\/wp\/v2\/tags?post=4080"}],"curies":[{"name":"wp","href":"https:\/\/api.w.org\/{rel}","templated":true}]}}