{"id":3200,"date":"2026-03-11T20:57:59","date_gmt":"2026-03-11T20:57:59","guid":{"rendered":"https:\/\/www.marbellavillage.es\/blog\/?p=3200"},"modified":"2026-03-12T07:32:59","modified_gmt":"2026-03-12T07:32:59","slug":"paques-marbella-2026","status":"publish","type":"post","link":"https:\/\/www.marbellavillage.es\/blog\/fr\/paques-marbella-2026\/","title":{"rendered":"P\u00e2ques \u00e0 Marbella 2026 : Processions et O\u00f9 les Voir Pr\u00e8s de la Vieille Ville"},"content":{"rendered":"\n<p>La Semaine Sainte \u00e0 Marbella 2026 est l\u2019un des moments les plus atmosph\u00e9riques de l\u2019ann\u00e9e dans la ville. \u00c0 la tomb\u00e9e de la nuit dans la vieille ville, les ruelles \u00e9troites se remplissent du son lent des tambours, des fanfares et de la lumi\u00e8re des bougies avan\u00e7ant \u00e0 travers les places historiques. L\u2019encens flotte dans l\u2019air tandis que les habitants et les visiteurs se rassemblent calmement le long des rues, attendant l\u2019arriv\u00e9e de la prochaine procession.<\/p>\n\n\n\n<p><strong>La Semana Santa \u00e0 Marbella se d\u00e9roule du 29 mars au 5 avril,<\/strong> transformant le centre historique en c\u0153ur des traditions culturelles et religieuses de la ville. Bien que les dates exactes changent chaque ann\u00e9e, la Semana Santa \u00e0 Marbella a g\u00e9n\u00e9ralement lieu entre fin mars et d\u00e9but avril, apportant une semaine de processions, de c\u00e9r\u00e9monies et de rassemblements communautaires qui r\u00e9v\u00e8lent un aspect plus profond de la culture andalouse.<\/p>\n\n\n\n<p>Pour les voyageurs s\u00e9journant dans la vieille ville de Marbella, l\u2019exp\u00e9rience est particuli\u00e8rement immersive. Bon nombre des moments les plus significatifs se d\u00e9roulent directement dans le centre historique, o\u00f9 les rues \u00e9troites s\u2019ouvrent soudainement sur des places traditionnelles.<\/p>\n\n\n\n<p>De nombreux itin\u00e9raires de la Semana Santa traversent le centre historique pr\u00e8s de la Calle Aduar, permettant aux visiteurs s\u00e9journant dans<strong> <a href=\"https:\/\/www.marbellavillage.es\/fr\/\">les appartements Marbella Village<\/a><\/strong> de vivre les processions \u00e0 seulement quelques pas de leur porte.<\/p>\n\n\n\n<p><strong>Ce guide explore les processions les plus importantes de la Semaine Sainte \u00e0 Marbella 2026, <\/strong>les meilleurs endroits pour les observer pr\u00e8s de la vieille ville et des conseils pratiques pour vivre la Semana Santa comme un habitant.<\/p>\n\n\n\n<p><\/p>\n\n\n\n<figure class=\"wp-block-image size-full is-resized\"><img fetchpriority=\"high\" decoding=\"async\" width=\"1500\" height=\"843\" src=\"https:\/\/www.marbellavillage.es\/blog\/wp-content\/uploads\/2026\/03\/1.jpg\" alt=\"\" class=\"wp-image-3278\" style=\"aspect-ratio:1.7793664978651573;width:731px;height:auto\" srcset=\"https:\/\/www.marbellavillage.es\/blog\/wp-content\/uploads\/2026\/03\/1.jpg 1500w, https:\/\/www.marbellavillage.es\/blog\/wp-content\/uploads\/2026\/03\/1-768x432.jpg 768w\" sizes=\"(max-width: 1500px) 100vw, 1500px\" \/><\/figure>\n\n\n\n<div style=\"height:19px\" aria-hidden=\"true\" class=\"wp-block-spacer\"><\/div>\n\n\n\n<h1 class=\"wp-block-heading\">Semaine Sainte \u00e0 Marbella 2026 \u2013 Dates Cl\u00e9s<\/h1>\n\n\n\n<ul class=\"wp-block-list\">\n<li>Dimanche des Rameaux : 29 mars 2026<\/li>\n\n\n\n<li>Mardi Saint : 31 mars 2026<\/li>\n\n\n\n<li>Mercredi Saint : 1 avril 2026<\/li>\n\n\n\n<li>Jeudi Saint : 2 avril 2026<\/li>\n\n\n\n<li>Vendredi Saint : 3 avril 2026<\/li>\n\n\n\n<li>Dimanche de P\u00e2ques : 5 avril 2026<\/li>\n<\/ul>\n\n\n\n<p>Ces journ\u00e9es constituent le c\u0153ur de la Semana Santa Marbella, lorsque les processions les plus importantes traversent le centre historique.<\/p>\n\n\n\n<div style=\"height:21px\" aria-hidden=\"true\" class=\"wp-block-spacer\"><\/div>\n\n\n\n<h1 class=\"wp-block-heading\">Qu\u2019est-ce que la Semana Santa \u00e0 Marbella ?<\/h1>\n\n\n\n<p>La Semana Santa, ou Semaine Sainte, comm\u00e9more les derniers jours de la vie de J\u00e9sus-Christ et sa r\u00e9surrection. Dans toute l\u2019Andalousie, elle est marqu\u00e9e par des processions religieuses solennelles organis\u00e9es par des confr\u00e9ries locales appel\u00e9es <em>cofrad\u00edas<\/em>.<\/p>\n\n\n\n<p>Chaque procession transporte des chars religieux \u00e9labor\u00e9s appel\u00e9s <em>pasos<\/em>, accompagn\u00e9s de musique, de bougies et de participants v\u00eatus de robes traditionnelles. Ces processions avancent lentement dans les rues et prennent souvent plusieurs heures pour parcourir leur itin\u00e9raire dans le centre historique.<\/p>\n\n\n\n<p>Bien qu\u2019enracin\u00e9e dans la tradition religieuse, la Semana Santa est aujourd\u2019hui \u00e9galement l\u2019un des \u00e9v\u00e9nements culturels les plus importants du sud de l\u2019Espagne. Les visiteurs y assistent non seulement pour des raisons spirituelles, mais aussi pour d\u00e9couvrir l\u2019atmosph\u00e8re historique, l\u2019art et le symbolisme qui caract\u00e9risent cette c\u00e9l\u00e9bration.<\/p>\n\n\n\n<p>\u00c0 Marbella, souvent appel\u00e9e simplement \u00ab Semana Santa Marbella \u00bb, la c\u00e9l\u00e9bration transforme la vieille ville en c\u0153ur des traditions de la ville. Certaines des processions les plus atmosph\u00e9riques de la Semana Santa Marbella dans la vieille ville ont lieu autour de la Plaza de la Iglesia et des rues historiques environnantes.<\/p>\n\n\n\n<div style=\"height:22px\" aria-hidden=\"true\" class=\"wp-block-spacer\"><\/div>\n\n\n\n<h1 class=\"wp-block-heading\">La Signification des Robes des Nazarenos<\/h1>\n\n\n\n<p>L\u2019un des spectacles les plus frappants pendant la Semana Santa \u00e0 Marbella est la longue file de <strong><em>nazarenos<\/em><\/strong>, des participants qui marchent dans les processions v\u00eatus de robes traditionnelles et de hauts capuchons pointus appel\u00e9s <strong><em>capirotes<\/em>.<\/strong><\/p>\n\n\n\n<p>Ces v\u00eatements font partie d\u2019une tradition catholique vieille de plusieurs si\u00e8cles symbolisant la p\u00e9nitence, l\u2019humilit\u00e9 et la d\u00e9votion. Historiquement, le capuchon permettait aux participants d\u2019accomplir des actes de p\u00e9nitence de mani\u00e8re anonyme, mettant l\u2019accent sur la r\u00e9flexion spirituelle plut\u00f4t que sur l\u2019identit\u00e9 individuelle.<\/p>\n\n\n\n<p>Pour les visiteurs qui ne connaissent pas la Semaine Sainte espagnole, la forme pointue peut parfois surprendre. Cependant, sa signification est purement religieuse et profond\u00e9ment enracin\u00e9e dans la culture andalouse. Chaque confr\u00e9rie poss\u00e8de ses propres couleurs et robes, cr\u00e9ant une procession en mouvement de tissus, de bougies et de symboles qui traversent lentement les rues historiques de Marbella.<\/p>\n\n\n\n<p><\/p>\n\n\n\n<figure class=\"wp-block-image size-full is-resized\"><img decoding=\"async\" width=\"1000\" height=\"600\" src=\"https:\/\/www.marbellavillage.es\/blog\/wp-content\/uploads\/2026\/03\/blog-semana-santa.jpg\" alt=\"\" class=\"wp-image-3283\" style=\"aspect-ratio:1.6666801668624196;width:687px;height:auto\" srcset=\"https:\/\/www.marbellavillage.es\/blog\/wp-content\/uploads\/2026\/03\/blog-semana-santa.jpg 1000w, https:\/\/www.marbellavillage.es\/blog\/wp-content\/uploads\/2026\/03\/blog-semana-santa-768x461.jpg 768w\" sizes=\"(max-width: 1000px) 100vw, 1000px\" \/><\/figure>\n\n\n\n<div style=\"height:23px\" aria-hidden=\"true\" class=\"wp-block-spacer\"><\/div>\n\n\n\n<h1 class=\"wp-block-heading\">Dimanche des Rameaux \u2013 La Pollinica<\/h1>\n\n\n\n<p>Le Dimanche des Rameaux marque le d\u00e9but officiel de la Semaine Sainte \u00e0 Marbella 2026, et l\u2019une des processions les plus reconnaissables est La Pollinica.<\/p>\n\n\n\n<p>Cette procession commence traditionnellement dans l\u2019apr\u00e8s-midi et comm\u00e9more l\u2019entr\u00e9e de J\u00e9sus \u00e0 J\u00e9rusalem. L\u2019atmosph\u00e8re du Dimanche des Rameaux est accueillante et festive, ce qui en fait une excellente premi\u00e8re introduction \u00e0 la Semana Santa pour les visiteurs.<\/p>\n\n\n\n<p>Observer la procession traverser la vieille ville offre un contraste visuel puissant : rues anciennes, robes traditionnelles et musique r\u00e9sonnant entre les b\u00e2timents blanchis \u00e0 la chaux.<\/p>\n\n\n\n<div style=\"height:23px\" aria-hidden=\"true\" class=\"wp-block-spacer\"><\/div>\n\n\n\n<h1 class=\"wp-block-heading\">Lundi Saint \u2013 Une Journ\u00e9e Plus Calme dans la Vieille Ville<\/h1>\n\n\n\n<p>Le Lundi Saint est g\u00e9n\u00e9ralement l\u2019un des jours les plus calmes de la Semana Santa \u00e0 Marbella. Plut\u00f4t que de grandes processions, la journ\u00e9e offre un rythme plus lent \u2014 ce qui en fait un moment id\u00e9al pour explorer le centre historique.<\/p>\n\n\n\n<p>Les visiteurs passent souvent la journ\u00e9e \u00e0 d\u00e9couvrir la culture locale, \u00e0 se d\u00e9tendre dans des caf\u00e9s ou \u00e0 se promener dans les rues historiques de Marbella avant que les processions du soir ne reprennent plus tard dans la semaine.<\/p>\n\n\n\n<p>C\u2019est \u00e9galement un excellent moment pour d\u00e9couvrir certaines des <strong>25 activit\u00e9s gratuites (ou presque) \u00e0 faire \u00e0 Marbella<\/strong>, surtout si vous souhaitez explorer la vieille ville \u00e0 un rythme d\u00e9tendu.<\/p>\n\n\n\n<div style=\"height:23px\" aria-hidden=\"true\" class=\"wp-block-spacer\"><\/div>\n\n\n\n<h1 class=\"wp-block-heading\">Mardi Saint \u2013 Cautivo et Santa Marta<\/h1>\n\n\n\n<p>Le Mardi Saint apporte l\u2019une des processions du soir les plus atmosph\u00e9riques de la semaine : Cautivo et Santa Marta.<\/p>\n\n\n\n<p>Cette procession commence souvent plus tard dans la soir\u00e9e, lorsque la lumi\u00e8re des bougies et la musique cr\u00e9ent une atmosph\u00e8re plus solennelle dans toute la vieille ville. Observer la procession traverser les rues \u00e9troites permet aux spectateurs de vivre la c\u00e9r\u00e9monie de tr\u00e8s pr\u00e8s.<\/p>\n\n\n\n<p>Avant ou apr\u00e8s la procession, de nombreux visiteurs aiment se promener dans le centre historique et s\u2019arr\u00eater pour une douceur \u2014 un moment parfait pour d\u00e9couvrir <strong>les meilleures glaciers de la vieille ville de Marbella<\/strong> tout en profitant de l\u2019ambiance festive.<\/p>\n\n\n\n<div style=\"height:23px\" aria-hidden=\"true\" class=\"wp-block-spacer\"><\/div>\n\n\n\n<h1 class=\"wp-block-heading\">Mercredi Saint et Jeudi Saint \u2013 Nazareno<\/h1>\n\n\n\n<p>Au milieu de la semaine, l\u2019intensit\u00e9 \u00e9motionnelle de la Semana Santa devient plus perceptible.<\/p>\n\n\n\n<p>La procession du Nazareno, g\u00e9n\u00e9ralement organis\u00e9e le mercredi soir, est l\u2019un des \u00e9v\u00e9nements les plus importants du calendrier de la Semana Santa. Le rythme solennel, les rues \u00e9clair\u00e9es \u00e0 la bougie et la musique cr\u00e9ent une atmosph\u00e8re puissante dans tout le centre historique de Marbella.<\/p>\n\n\n\n<p>Les photographes et les visiteurs trouvent souvent ces soir\u00e9es particuli\u00e8rement m\u00e9morables. La combinaison de l\u2019architecture historique, des costumes traditionnels et de la lumi\u00e8re vacillante des bougies cr\u00e9e certaines des sc\u00e8nes les plus saisissantes de toute la semaine.<\/p>\n\n\n\n<div style=\"height:23px\" aria-hidden=\"true\" class=\"wp-block-spacer\"><\/div>\n\n\n\n<h1 class=\"wp-block-heading\">Jeudi Saint \u2013 Calvario, Amor et Vera Cruz<\/h1>\n\n\n\n<p>Le Jeudi Saint est souvent l\u2019une des nuits les plus fr\u00e9quent\u00e9es de la Semana Santa \u00e0 Marbella.<\/p>\n\n\n\n<p>Plusieurs processions traversent la vieille ville, notamment Calvario, Cristo del Amor et Vera Cruz. Lorsque ces processions avancent dans le centre historique, les spectateurs se rassemblent dans les places et les rues \u00e9troites pour assister au passage c\u00e9r\u00e9moniel des chars religieux port\u00e9s par les <em>costaleros<\/em>.<\/p>\n\n\n\n<p>L\u2019une des curiosit\u00e9s de la Semana Santa est le rythme lent de ces processions. Les lourds <em>pasos<\/em> sont port\u00e9s sur les \u00e9paules de dizaines de participants qui marchent en pas synchronis\u00e9s sous la structure.<\/p>\n\n\n\n<div style=\"height:23px\" aria-hidden=\"true\" class=\"wp-block-spacer\"><\/div>\n\n\n\n<h1 class=\"wp-block-heading\">Vendredi Saint \u2013 Le Jour le Plus Solennel de la Semaine<\/h1>\n\n\n\n<p>Le Vendredi Saint comm\u00e9more la crucifixion de J\u00e9sus-Christ et est traditionnellement le jour le plus solennel de la Semana Santa.<\/p>\n\n\n\n<p>\u00c0 Marbella, les processions du Vendredi Saint portent une atmosph\u00e8re encore plus contemplative et silencieuse. La musique devient plus lente, l\u2019ambiance plus r\u00e9fl\u00e9chie et les spectateurs observent en silence le passage des processions.<\/p>\n\n\n\n<p>M\u00eame pour les visiteurs qui ne sont pas religieux, l\u2019exp\u00e9rience peut \u00eatre profond\u00e9ment \u00e9mouvante et culturellement significative.<\/p>\n\n\n\n<div style=\"height:23px\" aria-hidden=\"true\" class=\"wp-block-spacer\"><\/div>\n\n\n\n<h1 class=\"wp-block-heading\">Dimanche de P\u00e2ques \u2013 Procession de la R\u00e9surrection<\/h1>\n\n\n\n<p>Le Dimanche de P\u00e2ques marque la conclusion joyeuse de la Semana Santa.<\/p>\n\n\n\n<p>La procession de la R\u00e9surrection c\u00e9l\u00e8bre la r\u00e9surrection du Christ et a souvent lieu le matin. Apr\u00e8s plusieurs jours de c\u00e9r\u00e9monies solennelles, l\u2019atmosph\u00e8re devient plus lumineuse et festive.<\/p>\n\n\n\n<p>Pour de nombreux visiteurs, le Dimanche de P\u00e2ques offre le moment id\u00e9al pour d\u00e9couvrir les traditions de la Semana Santa avant de profiter d\u2019un d\u00e9jeuner d\u00e9tendu dans la vieille ville.<\/p>\n\n\n\n<p><\/p>\n\n\n\n<figure class=\"wp-block-image size-full is-resized\"><img decoding=\"async\" width=\"1920\" height=\"1086\" src=\"https:\/\/www.marbellavillage.es\/blog\/wp-content\/uploads\/2026\/03\/2579_plaza-de-la-iglesia_introfull.jpg\" alt=\"\" class=\"wp-image-3288\" style=\"width:725px;height:auto\" srcset=\"https:\/\/www.marbellavillage.es\/blog\/wp-content\/uploads\/2026\/03\/2579_plaza-de-la-iglesia_introfull.jpg 1920w, https:\/\/www.marbellavillage.es\/blog\/wp-content\/uploads\/2026\/03\/2579_plaza-de-la-iglesia_introfull-768x434.jpg 768w, https:\/\/www.marbellavillage.es\/blog\/wp-content\/uploads\/2026\/03\/2579_plaza-de-la-iglesia_introfull-1536x869.jpg 1536w\" sizes=\"(max-width: 1920px) 100vw, 1920px\" \/><\/figure>\n\n\n\n<div style=\"height:23px\" aria-hidden=\"true\" class=\"wp-block-spacer\"><\/div>\n\n\n\n<h1 class=\"wp-block-heading\">Meilleurs Endroits pour Voir les Processions dans la Vieille Ville de Marbella<\/h1>\n\n\n\n<p>Certains des meilleurs endroits pour observer les processions se trouvent directement dans le centre historique de Marbella.<\/p>\n\n\n\n<p>De nombreux visiteurs se rassemblent pr\u00e8s de la Plaza de la Iglesia, o\u00f9 plusieurs processions commencent ou se terminent, tandis que la Plaza de los Naranjos offre un cadre magnifique entour\u00e9 de b\u00e2timents historiques. Les rues \u00e9troites autour de la Calle Ancha et les petites ruelles de la vieille ville offrent souvent l\u2019exp\u00e9rience la plus intime. Les visiteurs souhaitant obtenir davantage d\u2019informations sur les \u00e9v\u00e9nements culturels et les traditions locales peuvent \u00e9galement consulter <a href=\"https:\/\/www.marbella.es\/\" target=\"_blank\" rel=\"noopener\"><strong>le site officiel de la ville de Marbella<\/strong>.<\/a><\/p>\n\n\n\n<p>De nombreux itin\u00e9raires principaux des processions traversent le centre historique de Marbella, ce qui signifie que les visiteurs s\u00e9journant pr\u00e8s de la Calle Aduar se trouvent d\u00e9j\u00e0 \u00e0 quelques minutes \u00e0 pied de plusieurs points d\u2019observation.<\/p>\n\n\n\n<div style=\"height:23px\" aria-hidden=\"true\" class=\"wp-block-spacer\"><\/div>\n\n\n\n<h1 class=\"wp-block-heading\">Itin\u00e9raire Sugg\u00e9r\u00e9 de Semaine Sainte pour les Visiteurs S\u00e9journant dans la Vieille Ville<\/h1>\n\n\n\n<p>Une mani\u00e8re simple de d\u00e9couvrir la Semana Santa consiste \u00e0 organiser sa semaine autour des \u00e9v\u00e9nements principaux.<\/p>\n\n\n\n<p>Le Dimanche des Rameaux ouvre les c\u00e9l\u00e9brations avec La Pollinica. Le Lundi Saint permet d\u2019explorer Marbella \u00e0 un rythme plus tranquille. Le Mardi Saint et le Mercredi Saint apportent des processions du soir particuli\u00e8rement atmosph\u00e9riques, tandis que le Jeudi Saint et le Vendredi Saint repr\u00e9sentent le moment \u00e9motionnel le plus intense de la semaine.<\/p>\n\n\n\n<p>Pendant la journ\u00e9e, les visiteurs combinent souvent les c\u00e9l\u00e9brations avec d\u2019autres exp\u00e9riences \u00e0 Marbella. Beaucoup passent l\u2019apr\u00e8s-midi \u00e0 d\u00e9couvrir <strong>25 Activit\u00e9s Gratuites \u00e0 Faire dans la Vieille Ville de Marbella<\/strong> avant de revenir dans le centre historique pour les processions du soir.<\/p>\n\n\n\n<p>Le coucher du soleil peut \u00e9galement \u00eatre un moment magnifique avant le d\u00e9but des processions, surtout si vous explorez <strong>les meilleurs endroits pour admirer le coucher du soleil \u00e0 Marbella<\/strong>.<\/p>\n\n\n\n<div style=\"height:23px\" aria-hidden=\"true\" class=\"wp-block-spacer\"><\/div>\n\n\n\n<h1 class=\"wp-block-heading\">Conseils Pratiques pour Profiter de la Semana Santa<\/h1>\n\n\n\n<p>Arrivez t\u00f4t si vous souhaitez obtenir un bon emplacement pour observer les processions, en particulier le Jeudi Saint et le Vendredi Saint lorsque la vieille ville devient plus fr\u00e9quent\u00e9e.<\/p>\n\n\n\n<p>Portez des chaussures confortables. La Semana Santa implique souvent de rester debout et de marcher dans le centre historique.<\/p>\n\n\n\n<p>Soyez flexible avec vos horaires de d\u00eener. Les restaurants peuvent devenir tr\u00e8s fr\u00e9quent\u00e9s pendant les processions du soir.<\/p>\n\n\n\n<p>Respectez l\u2019atmosph\u00e8re. Bien que de nombreux visiteurs assistent aux processions pour des raisons culturelles, elles restent des traditions religieuses importantes pour les habitants.<\/p>\n\n\n\n<hr class=\"wp-block-separator has-alpha-channel-opacity\"\/>\n\n\n\n<h1 class=\"wp-block-heading\">FAQ \u2013 Semana Santa \u00e0 Marbella<\/h1>\n\n\n\n<p><strong>Quand a lieu la Semana Santa \u00e0 Marbella ?<\/strong><\/p>\n\n\n\n<p>En 2026, la Semana Santa \u00e0 Marbella se d\u00e9roule du 29 mars au 5 avril.<\/p>\n\n\n\n<ul class=\"wp-block-list\">\n<li><strong>O\u00f9 se trouvent les meilleurs endroits pour voir les processions ?<\/strong><\/li>\n<\/ul>\n\n\n\n<p>Les endroits les plus atmosph\u00e9riques se trouvent autour de la Plaza de la Iglesia, de la Plaza de los Naranjos et de la Calle Ancha.<\/p>\n\n\n\n<ul class=\"wp-block-list\">\n<li><strong>Faut-il des billets ?<\/strong><\/li>\n<\/ul>\n\n\n\n<p>Non. Les processions ont lieu dans les rues publiques.<\/p>\n\n\n\n<ul class=\"wp-block-list\">\n<li><strong>\u00c0 quelle heure commencent g\u00e9n\u00e9ralement les processions ?<\/strong><\/li>\n<\/ul>\n\n\n\n<p>La plupart commencent en fin d\u2019apr\u00e8s-midi ou le soir. Les visiteurs peuvent confirmer les horaires sur <a href=\"https:\/\/semanasanta.marbella.es\/\" target=\"_blank\" rel=\"noopener\"><strong>le site officiel de la Semana Santa de Marbella<\/strong>.<\/a><\/p>\n\n\n\n<ul class=\"wp-block-list\">\n<li><strong>La Semana Santa convient-elle aux visiteurs non religieux ?<\/strong><\/li>\n<\/ul>\n\n\n\n<p>Oui. De nombreux visiteurs d\u00e9couvrent la Semana Santa comme un \u00e9v\u00e9nement culturel et historique.<\/p>\n\n\n\n<hr class=\"wp-block-separator has-alpha-channel-opacity\"\/>\n\n\n\n<h1 class=\"wp-block-heading\">Conclusion<\/h1>\n\n\n\n<p>Pendant la Semaine Sainte, la vieille ville de Marbella devient l\u2019un des endroits les plus atmosph\u00e9riques pour d\u00e9couvrir les traditions andalouses. Les processions \u00e9clair\u00e9es \u00e0 la bougie, les rues historiques et la musique c\u00e9r\u00e9monielle cr\u00e9ent un moment culturel unique, \u00e0 la fois intime et puissant.<\/p>\n\n\n\n<p>Si vous souhaitez vivre la Semana Santa depuis le c\u0153ur du centre historique, d\u00e9couvrez nos <a href=\"https:\/\/www.marbellavillage.es\/fr\/\"><strong>studios et appartements dans la vieille ville de Marbella<\/strong>.<\/a><\/p>\n\n\n\n<p>Pour des recommandations personnalis\u00e9es ou de l\u2019aide pour organiser votre s\u00e9jour, n\u2019h\u00e9sitez pas \u00e0 <strong><a href=\"https:\/\/www.marbellavillage.es\/fr\/contact\/\">nous contacter<\/a><\/strong> \u2014 nous serons ravis de vous aider \u00e0 profiter de Marbella pendant l\u2019une des semaines les plus sp\u00e9ciales de l\u2019ann\u00e9e.<\/p>\n\n\n\n<p><\/p>\n","protected":false},"excerpt":{"rendered":"<p>La Semaine Sainte \u00e0 Marbella 2026 est l\u2019un des moments les plus atmosph\u00e9riques de l\u2019ann\u00e9e dans la ville. \u00c0 la&#8230;<\/p>\n","protected":false},"author":2,"featured_media":3278,"comment_status":"open","ping_status":"closed","sticky":false,"template":"","format":"standard","meta":{"footnotes":""},"categories":[54],"tags":[],"class_list":["post-3200","post","type-post","status-publish","format-standard","has-post-thumbnail","hentry","category-lifestyle-fr"],"_links":{"self":[{"href":"https:\/\/www.marbellavillage.es\/blog\/fr\/wp-json\/wp\/v2\/posts\/3200","targetHints":{"allow":["GET"]}}],"collection":[{"href":"https:\/\/www.marbellavillage.es\/blog\/fr\/wp-json\/wp\/v2\/posts"}],"about":[{"href":"https:\/\/www.marbellavillage.es\/blog\/fr\/wp-json\/wp\/v2\/types\/post"}],"author":[{"embeddable":true,"href":"https:\/\/www.marbellavillage.es\/blog\/fr\/wp-json\/wp\/v2\/users\/2"}],"replies":[{"embeddable":true,"href":"https:\/\/www.marbellavillage.es\/blog\/fr\/wp-json\/wp\/v2\/comments?post=3200"}],"version-history":[{"count":18,"href":"https:\/\/www.marbellavillage.es\/blog\/fr\/wp-json\/wp\/v2\/posts\/3200\/revisions"}],"predecessor-version":[{"id":3309,"href":"https:\/\/www.marbellavillage.es\/blog\/fr\/wp-json\/wp\/v2\/posts\/3200\/revisions\/3309"}],"wp:featuredmedia":[{"embeddable":true,"href":"https:\/\/www.marbellavillage.es\/blog\/fr\/wp-json\/wp\/v2\/media\/3278"}],"wp:attachment":[{"href":"https:\/\/www.marbellavillage.es\/blog\/fr\/wp-json\/wp\/v2\/media?parent=3200"}],"wp:term":[{"taxonomy":"category","embeddable":true,"href":"https:\/\/www.marbellavillage.es\/blog\/fr\/wp-json\/wp\/v2\/categories?post=3200"},{"taxonomy":"post_tag","embeddable":true,"href":"https:\/\/www.marbellavillage.es\/blog\/fr\/wp-json\/wp\/v2\/tags?post=3200"}],"curies":[{"name":"wp","href":"https:\/\/api.w.org\/{rel}","templated":true}]}}