{"id":2288,"date":"2025-08-21T05:13:07","date_gmt":"2025-08-21T05:13:07","guid":{"rendered":"https:\/\/www.marbellavillage.es\/blog\/?p=2288"},"modified":"2025-09-23T17:28:08","modified_gmt":"2025-09-23T17:28:08","slug":"coworking-marbella-centre","status":"publish","type":"post","link":"https:\/\/www.marbellavillage.es\/blog\/fr\/coworking-marbella-centre\/","title":{"rendered":"5 espaces de coworking pr\u00e8s du centre historique de Marbella"},"content":{"rendered":"\n<p>Le travail \u00e0 distance rencontre le charme m\u00e9diterran\u00e9en dans les espaces de coworking pr\u00e8s du centre historique de Marbella. Si vous pr\u00e9voyez une <em>workation<\/em> ou un s\u00e9jour prolong\u00e9 au c\u0153ur de la Costa del Sol, vous voudrez savoir o\u00f9 travailler efficacement entre les promenades sur la plage et les pauses tapas. C\u2019est l\u00e0 que nous intervenons.<\/p>\n\n\n\n<p>Chez Marbella Village, nous accueillons des nomades digitaux, des cr\u00e9atifs et des professionnels du monde entier dans nos locations de vacances enti\u00e8rement \u00e9quip\u00e9es, et nous connaissons les meilleurs espaces de coworking pr\u00e8s du centre historique de Marbella pour vous brancher et rester concentr\u00e9.<\/p>\n\n\n\n<p><\/p>\n\n\n\n<h2 class=\"wp-block-heading\">Top 5 des espaces de coworking pr\u00e8s du centre historique de Marbella<\/h2>\n\n\n\n<p>Voici une s\u00e9lection des meilleurs espaces de coworking pr\u00e8s du centre historique de Marbella, tous situ\u00e9s \u00e0 quelques pas de nos locations de vacances.<\/p>\n\n\n\n<h2 class=\"wp-block-heading\">RS22 Workspace<\/h2>\n\n\n\n<p><\/p>\n\n\n\n<figure class=\"wp-block-image size-full is-resized\"><img fetchpriority=\"high\" decoding=\"async\" width=\"875\" height=\"531\" src=\"https:\/\/www.marbellavillage.es\/blog\/wp-content\/uploads\/2025\/08\/RS22-Workspace.png\" alt=\"RS22 - coworking spaces near Marbella Old Town\" class=\"wp-image-2081\" style=\"width:809px;height:auto\" srcset=\"https:\/\/www.marbellavillage.es\/blog\/wp-content\/uploads\/2025\/08\/RS22-Workspace.png 875w, https:\/\/www.marbellavillage.es\/blog\/wp-content\/uploads\/2025\/08\/RS22-Workspace-768x466.png 768w\" sizes=\"(max-width: 875px) 100vw, 875px\" \/><figcaption class=\"wp-element-caption\">\ud83d\udccd \u00c0 seulement 7 minutes \u00e0 pied du centre historique de Marbella<\/figcaption><\/figure>\n\n\n\n<p>Install\u00e9 dans un charmant b\u00e2timent de l\u2019avenue Ricardo Soriano, <a href=\"https:\/\/workin.space\/coworking\/espagne\/andalousie\/marbella\/rs22-workspace\" target=\"_blank\" rel=\"noopener\"><strong>RS22 Workspace<\/strong><\/a> associe des int\u00e9rieurs \u00e9l\u00e9gants \u00e0 une atmosph\u00e8re professionnelle. Il s\u2019adresse aux <em>freelancers<\/em>, aux <em>startups<\/em> et aux professionnels, avec des bureaux partag\u00e9s et des salles priv\u00e9es. L\u2019espace est ouvert, lumineux et baign\u00e9 de lumi\u00e8re naturelle, parfait pour des sessions de travail productives \u00e0 Marbella entre une pause d\u00e9jeuner dans le centre historique. Les clients s\u00e9journant \u00e0 <strong><a href=\"https:\/\/www.marbellavillage.es\/fr\/location\/location-locations-d0\/\">Marbella Village<\/a><\/strong> peuvent s\u2019y rendre \u00e0 pied en moins de dix minutes et revenir facilement pour profiter d\u2019une soir\u00e9e d\u00e9tendue au c\u0153ur du centre historique de Marbella.<\/p>\n\n\n\n<p><\/p>\n\n\n\n<h2 class=\"wp-block-heading\">Banco Santander Work Caf\u00e9<\/h2>\n\n\n\n<figure class=\"wp-block-image size-full is-resized\"><img decoding=\"async\" width=\"1280\" height=\"853\" src=\"https:\/\/www.marbellavillage.es\/blog\/wp-content\/uploads\/2025\/08\/Banco-Santander-Work-Cafe.jpg\" alt=\"Banco Santander Work Caf\u00e9\" class=\"wp-image-2086\" style=\"width:818px;height:auto\" srcset=\"https:\/\/www.marbellavillage.es\/blog\/wp-content\/uploads\/2025\/08\/Banco-Santander-Work-Cafe.jpg 1280w, https:\/\/www.marbellavillage.es\/blog\/wp-content\/uploads\/2025\/08\/Banco-Santander-Work-Cafe-768x512.jpg 768w\" sizes=\"(max-width: 1280px) 100vw, 1280px\" \/><figcaption class=\"wp-element-caption\">\ud83d\udccd \u00c0 seulement 8 minutes \u00e0 pied du centre historique de Marbella<\/figcaption><\/figure>\n\n\n\n<p>Pour ceux qui pr\u00e9f\u00e8rent une atmosph\u00e8re plus d\u00e9contract\u00e9e, le <a href=\"https:\/\/www.workcafe.es\/en\/home\" target=\"_blank\" rel=\"noopener\"><strong>Santander Work Caf\u00e9<\/strong><\/a> est un v\u00e9ritable joyau cach\u00e9. Avec le Wi-Fi gratuit, des si\u00e8ges confortables et un emplacement central, c\u2019est id\u00e9al pour r\u00e9pondre \u00e0 vos e-mails ou planifier vos prochaines \u00e9tapes autour d\u2019un caf\u00e9. Bien qu\u2019il ne s\u2019agisse pas d\u2019un espace de coworking traditionnel, il est parfait pour de petites sessions de travail et des r\u00e9unions informelles. Les nomades digitaux \u00e0 Marbella appr\u00e9cient souvent l\u2019atmosph\u00e8re de ce lieu. En s\u00e9journant avec <strong><a href=\"https:\/\/www.marbellavillage.es\/fr\/location\/location-locations-d0\/\">Marbella Village<\/a><\/strong>, vous \u00eates \u00e0 deux pas de caf\u00e9s comme celui-ci et plong\u00e9 dans le rythme de la vie andalouse.<\/p>\n\n\n\n<p><\/p>\n\n\n\n<h2 class=\"wp-block-heading\">HQ Marbella Costa del Sol<\/h2>\n\n\n\n<p><\/p>\n\n\n\n<figure class=\"wp-block-image size-full is-resized\"><img decoding=\"async\" width=\"970\" height=\"539\" src=\"https:\/\/www.marbellavillage.es\/blog\/wp-content\/uploads\/2025\/08\/HQ-Marbella-Costa-del-Sol2.png\" alt=\"HQ Marbella Costa del Sol\" class=\"wp-image-2096\" style=\"width:820px;height:auto\" srcset=\"https:\/\/www.marbellavillage.es\/blog\/wp-content\/uploads\/2025\/08\/HQ-Marbella-Costa-del-Sol2.png 970w, https:\/\/www.marbellavillage.es\/blog\/wp-content\/uploads\/2025\/08\/HQ-Marbella-Costa-del-Sol2-768x427.png 768w\" sizes=\"(max-width: 970px) 100vw, 970px\" \/><figcaption class=\"wp-element-caption\">\ud83d\udccd \u00c0 seulement 8 minutes \u00e0 pied du centre historique de Marbella<\/figcaption><\/figure>\n\n\n\n<p><\/p>\n\n\n\n<h2 class=\"wp-block-heading\">The Pool Marbella<\/h2>\n\n\n\n<p><\/p>\n\n\n\n<p>Situ\u00e9 dans un b\u00e2timent moderne et \u00e9l\u00e9gant, \u00e0 seulement quelques minutes du centre historique de Marbella, <strong><a href=\"https:\/\/www.hq.com\/fr\/spain\/643\" target=\"_blank\" rel=\"noopener\">HQ Marbella<\/a><\/strong> est un espace de coworking bien \u00e9quip\u00e9, con\u00e7u pour la productivit\u00e9. Il propose des bureaux priv\u00e9s, des <em>hot desks<\/em>, une connexion internet haut d\u00e9bit et des salles de r\u00e9union. Avec des formules tarifaires flexibles, HQ Marbella est id\u00e9al pour les t\u00e9l\u00e9travailleurs et les entrepreneurs s\u00e9journant quelques semaines ou quelques mois en ville. <a href=\"https:\/\/www.marbellavillage.es\/fr\/location\/location-locations-d0\/\"><strong>Associ\u00e9 \u00e0 nos \u00e9l\u00e9gants duplex et studios confortables<\/strong><\/a> situ\u00e9s juste \u00e0 c\u00f4t\u00e9, c\u2019est le choix parfait pour tous ceux qui souhaitent travailler \u00e0 distance sur la Costa del Sol.<\/p>\n\n\n\n<p><\/p>\n\n\n\n<figure class=\"wp-block-image size-full is-resized\"><img loading=\"lazy\" decoding=\"async\" width=\"1000\" height=\"563\" src=\"https:\/\/www.marbellavillage.es\/blog\/wp-content\/uploads\/2025\/08\/The-Pool-Marbella.png\" alt=\"The Pool Marbella space\" class=\"wp-image-2101\" style=\"width:830px;height:auto\" srcset=\"https:\/\/www.marbellavillage.es\/blog\/wp-content\/uploads\/2025\/08\/The-Pool-Marbella.png 1000w, https:\/\/www.marbellavillage.es\/blog\/wp-content\/uploads\/2025\/08\/The-Pool-Marbella-768x432.png 768w\" sizes=\"(max-width: 1000px) 100vw, 1000px\" \/><figcaption class=\"wp-element-caption\">\ud83d\udccd \u00c0 seulement 10 minutes en transport du centre historique de Marbella<\/figcaption><\/figure>\n\n\n\n<p><\/p>\n\n\n\n<p>Avec une ambiance \u00e0 la fois d\u00e9tendue et soign\u00e9e, <strong><a href=\"https:\/\/www.thepool.es\/\" target=\"_blank\" rel=\"noopener\">The Pool<\/a><\/strong> est un lieu pris\u00e9 des nomades digitaux de la r\u00e9gion. Il propose un m\u00e9lange de bureaux de coworking, de cabines t\u00e9l\u00e9phoniques et d\u2019espaces \u00e9v\u00e9nementiels. Bien qu\u2019il soit un peu plus \u00e9loign\u00e9 du centre historique, il reste facilement accessible et vaut le d\u00e9tour pour sa communaut\u00e9 soud\u00e9e, ses \u00e9v\u00e9nements de <em>networking<\/em> r\u00e9guliers et son design chic. Beaucoup de nos clients qui pr\u00e9voient un s\u00e9jour prolong\u00e9 aiment combiner une journ\u00e9e \u00e0 The Pool avec des soir\u00e9es dans leur <a href=\"https:\/\/www.marbellavillage.es\/fr\/location\/location-locations-d0\/\"><strong>location Marbella Village,<\/strong><\/a> id\u00e9alement situ\u00e9e pr\u00e8s des meilleurs espaces de coworking du centre historique de Marbella.<\/p>\n\n\n\n<h2 class=\"wp-block-heading\">Our Space Marbella<\/h2>\n\n\n\n<p><\/p>\n\n\n\n<figure class=\"wp-block-image size-full is-resized\"><img loading=\"lazy\" decoding=\"async\" width=\"768\" height=\"513\" src=\"https:\/\/www.marbellavillage.es\/blog\/wp-content\/uploads\/2025\/08\/Our-Space-Marbella1.png\" alt=\"Our Space Marbella\" class=\"wp-image-2106\" style=\"width:840px;height:auto\"\/><figcaption class=\"wp-element-caption\">\ud83d\udccd\u00c0 seulement 20 minutes \u00e0 v\u00e9lo du centre historique de Marbella<\/figcaption><\/figure>\n\n\n\n<p><\/p>\n\n\n\n<p>Situ\u00e9 dans le prestigieux Oasis Business Center, <strong><a href=\"https:\/\/ourspace.es\/\" target=\"_blank\" rel=\"noopener\">Our Space Marbella<\/a><\/strong> s\u2019adresse aux entrepreneurs en qu\u00eate d\u2019un espace de coworking haut de gamme avec toutes les commodit\u00e9s. Pensez \u00e0 un service de type conciergerie, des salles de r\u00e9union \u00e9quip\u00e9es de la derni\u00e8re technologie, des bars \u00e0 caf\u00e9 et des espaces communs inspirants. Si votre travail exige un environnement plus premium, c\u2019est l\u2019endroit id\u00e9al. Vous profiterez de l\u2019\u00e9quilibre entre la concentration en journ\u00e9e et le charme de Marbella Village le soir \u2013 des locations de vacances proches des espaces de coworking qui soutiennent votre style de vie.<\/p>\n\n\n\n<p>Avec autant d\u2019excellents espaces de coworking pr\u00e8s du centre historique de Marbella, votre exp\u00e9rience de t\u00e9l\u00e9travail peut \u00eatre \u00e0 la fois productive et inspirante. Que vous soyez ici pour une semaine ou pour une saison, Marbella Village vous permet de rester connect\u00e9 et de vous sentir chez vous.<\/p>\n\n\n\n<p>Vous partez bient\u00f4t \u00e0 Marbella ? <a href=\"https:\/\/www.marbellavillage.es\/fr\/location\/location-locations-d0\/\"><strong>R\u00e9servez votre s\u00e9jour avec Marbella Village<\/strong><\/a> pour vivre une exp\u00e9rience locale compl\u00e8te, \u00e0 proximit\u00e9 des meilleurs espaces de coworking du centre historique de Marbella et de tout ce que ce quartier anim\u00e9 a \u00e0 offrir. Des locations centrales aux conseils d\u2019initi\u00e9s, nous facilitons votre installation et votre inspiration.<\/p>\n\n\n\n<p>Suivez-nous sur <a href=\"https:\/\/www.instagram.com\/marbellavillage\/\" target=\"_blank\" rel=\"noopener\"><strong>Instagram<\/strong><\/a> pour d\u00e9couvrir nos conseils sur les lieux locaux, les \u00e9v\u00e9nements et les recommandations saisonni\u00e8res.<\/p>\n\n\n\n<p><\/p>\n","protected":false},"excerpt":{"rendered":"<p>Le travail \u00e0 distance rencontre le charme m\u00e9diterran\u00e9en dans les espaces de coworking pr\u00e8s du centre historique de Marbella. Si&#8230;<\/p>\n","protected":false},"author":2,"featured_media":2097,"comment_status":"open","ping_status":"closed","sticky":false,"template":"","format":"standard","meta":{"footnotes":""},"categories":[54],"tags":[],"class_list":["post-2288","post","type-post","status-publish","format-standard","has-post-thumbnail","hentry","category-lifestyle-fr"],"_links":{"self":[{"href":"https:\/\/www.marbellavillage.es\/blog\/fr\/wp-json\/wp\/v2\/posts\/2288","targetHints":{"allow":["GET"]}}],"collection":[{"href":"https:\/\/www.marbellavillage.es\/blog\/fr\/wp-json\/wp\/v2\/posts"}],"about":[{"href":"https:\/\/www.marbellavillage.es\/blog\/fr\/wp-json\/wp\/v2\/types\/post"}],"author":[{"embeddable":true,"href":"https:\/\/www.marbellavillage.es\/blog\/fr\/wp-json\/wp\/v2\/users\/2"}],"replies":[{"embeddable":true,"href":"https:\/\/www.marbellavillage.es\/blog\/fr\/wp-json\/wp\/v2\/comments?post=2288"}],"version-history":[{"count":6,"href":"https:\/\/www.marbellavillage.es\/blog\/fr\/wp-json\/wp\/v2\/posts\/2288\/revisions"}],"predecessor-version":[{"id":2480,"href":"https:\/\/www.marbellavillage.es\/blog\/fr\/wp-json\/wp\/v2\/posts\/2288\/revisions\/2480"}],"wp:featuredmedia":[{"embeddable":true,"href":"https:\/\/www.marbellavillage.es\/blog\/fr\/wp-json\/wp\/v2\/media\/2097"}],"wp:attachment":[{"href":"https:\/\/www.marbellavillage.es\/blog\/fr\/wp-json\/wp\/v2\/media?parent=2288"}],"wp:term":[{"taxonomy":"category","embeddable":true,"href":"https:\/\/www.marbellavillage.es\/blog\/fr\/wp-json\/wp\/v2\/categories?post=2288"},{"taxonomy":"post_tag","embeddable":true,"href":"https:\/\/www.marbellavillage.es\/blog\/fr\/wp-json\/wp\/v2\/tags?post=2288"}],"curies":[{"name":"wp","href":"https:\/\/api.w.org\/{rel}","templated":true}]}}