{"id":1765,"date":"2024-08-04T12:55:57","date_gmt":"2024-08-04T12:55:57","guid":{"rendered":"https:\/\/www.marbellavillage.es\/blog\/?p=1765"},"modified":"2025-09-20T11:41:43","modified_gmt":"2025-09-20T11:41:43","slug":"transports-urbains-a-marbella","status":"publish","type":"post","link":"https:\/\/www.marbellavillage.es\/blog\/fr\/transports-urbains-a-marbella\/","title":{"rendered":"Transports Urbains \u00e0 Marbella"},"content":{"rendered":"\n<p>Marbella, destination touristique de renom, dispose d&rsquo;un syst\u00e8me de transport urbain efficace et complet. S&rsquo;\u00e9tendant d&rsquo;ouest en est, la ville assure une connectivit\u00e9 fluide, de Cabopino \u00e0 Puerto Ban\u00fas et au-del\u00e0. Le r\u00e9seau de transports publics relie des points cl\u00e9s tels que les centres commerciaux, les \u00e9tablissements de sant\u00e9 et, surtout, les plages ! Chez Marbella Village, nos experts locaux vous proposent ce guide des transports urbains \u00e0 Marbella, avec un aper\u00e7u des lignes de bus, leurs itin\u00e9raires, leur fr\u00e9quence et d&rsquo;autres d\u00e9tails essentiels pour que nos visiteurs puissent se d\u00e9placer facilement.<\/p>\n\n\n\n<h2 class=\"wp-block-heading\">Transports Publics \u00e0 Marbella : Aper\u00e7u des Lignes de Bus<\/h2>\n\n\n\n<h4 class=\"wp-block-heading\">Ligne 1 : C.C. La Ca\u00f1ada &#8211; Puerto Ban\u00fas<\/h4>\n\n\n\n<p>Probablement la ligne la plus fr\u00e9quent\u00e9e, elle relie le centre commercial La Ca\u00f1ada au glamour de Puerto Ban\u00fas. Elle traverse des zones embl\u00e9matiques telles que la paroisse de la Divina Pastora, le stade municipal de football et la c\u00e9l\u00e8bre Milla de Oro, pour finir \u00e0 la place Antonio Banderas \u00e0 Puerto Ban\u00fas. Le service est assur\u00e9 par quatre bus hybrides Mercedes-Benz Citaro, privil\u00e9giant la s\u00e9curit\u00e9 et la durabilit\u00e9 environnementale. Cette ligne traverse le centre-ville, relie la gare routi\u00e8re de Marbella et les installations sportives municipales. Elle propose une fr\u00e9quence \u00e9lev\u00e9e et dessert des points strat\u00e9giques, y compris nos h\u00e9bergements \u00e0 Marbella Village.<\/p>\n\n\n\n<p><\/p>\n\n\n\n<figure class=\"wp-block-image size-full\"><img fetchpriority=\"high\" decoding=\"async\" width=\"2000\" height=\"1013\" src=\"https:\/\/www.marbellavillage.es\/blog\/wp-content\/uploads\/2024\/08\/Capture-decran-2024-08-04-a-0-1.png\" alt=\"Line 1 C.C. La Ca\u00f1ada - Puerto Ban\u00fas\" class=\"wp-image-610\" srcset=\"https:\/\/www.marbellavillage.es\/blog\/wp-content\/uploads\/2024\/08\/Capture-decran-2024-08-04-a-0-1.png 2000w, https:\/\/www.marbellavillage.es\/blog\/wp-content\/uploads\/2024\/08\/Capture-decran-2024-08-04-a-0-1-768x389.png 768w, https:\/\/www.marbellavillage.es\/blog\/wp-content\/uploads\/2024\/08\/Capture-decran-2024-08-04-a-0-1-1536x778.png 1536w\" sizes=\"(max-width: 2000px) 100vw, 2000px\" \/><\/figure>\n\n\n\n<p><\/p>\n\n\n\n<h4 class=\"wp-block-heading\">Ligne 2 : C.C. La Ca\u00f1ada &#8211; Mirador<\/h4>\n\n\n\n<p>Cette ligne relie le centre commercial La Ca\u00f1ada au quartier r\u00e9sidentiel de Mirador. Elle traverse le centre-ville en passant par des points importants comme l&rsquo;Avenida del Trapiche et le Parque Arroyo de la Represa. Id\u00e9ale pour les r\u00e9sidents et visiteurs souhaitant explorer les zones moins touristiques de Marbella tout en restant bien connect\u00e9s au r\u00e9seau principal.<\/p>\n\n\n\n<p><\/p>\n\n\n\n<figure class=\"wp-block-image size-full\"><img decoding=\"async\" width=\"2000\" height=\"1012\" src=\"https:\/\/www.marbellavillage.es\/blog\/wp-content\/uploads\/2024\/08\/Capture-decran-2024-08-04-a-0-1-1.png\" alt=\"Line 2: C.C. La Ca\u00f1ada - Mirador\" class=\"wp-image-615\" srcset=\"https:\/\/www.marbellavillage.es\/blog\/wp-content\/uploads\/2024\/08\/Capture-decran-2024-08-04-a-0-1-1.png 2000w, https:\/\/www.marbellavillage.es\/blog\/wp-content\/uploads\/2024\/08\/Capture-decran-2024-08-04-a-0-1-1-768x389.png 768w, https:\/\/www.marbellavillage.es\/blog\/wp-content\/uploads\/2024\/08\/Capture-decran-2024-08-04-a-0-1-1-1536x777.png 1536w\" sizes=\"(max-width: 2000px) 100vw, 2000px\" \/><\/figure>\n\n\n\n<p><\/p>\n\n\n\n<h4 class=\"wp-block-heading\">Ligne 3 : C.C. La Ca\u00f1ada &#8211; El \u00c1ngel<\/h4>\n\n\n\n<p>Nouvelle ligne r\u00e9cemment cr\u00e9\u00e9e, elle offre des connexions auparavant inexistantes entre El \u00c1ngel et Puerto Ban\u00fas. Elle am\u00e9liore consid\u00e9rablement le service pour les r\u00e9sidents du secteur.<\/p>\n\n\n\n<p><\/p>\n\n\n\n<figure class=\"wp-block-image size-full\"><img decoding=\"async\" width=\"2000\" height=\"1023\" src=\"https:\/\/www.marbellavillage.es\/blog\/wp-content\/uploads\/2024\/08\/Capture-decran-2024-08-04-a-0-2.png\" alt=\"Line 3: C.C. La Ca\u00f1ada - El \u00c1ngel\" class=\"wp-image-620\" srcset=\"https:\/\/www.marbellavillage.es\/blog\/wp-content\/uploads\/2024\/08\/Capture-decran-2024-08-04-a-0-2.png 2000w, https:\/\/www.marbellavillage.es\/blog\/wp-content\/uploads\/2024\/08\/Capture-decran-2024-08-04-a-0-2-768x393.png 768w, https:\/\/www.marbellavillage.es\/blog\/wp-content\/uploads\/2024\/08\/Capture-decran-2024-08-04-a-0-2-1536x786.png 1536w\" sizes=\"(max-width: 2000px) 100vw, 2000px\" \/><\/figure>\n\n\n\n<p><\/p>\n\n\n\n<h4 class=\"wp-block-heading\">Ligne 6 : Cabopino &#8211; C.C. La Ca\u00f1ada<\/h4>\n\n\n\n<p>La ligne la plus longue relie le centre de Marbella \u00e0 des lieux d&rsquo;int\u00e9r\u00eat comme le poste de police local, l&rsquo;h\u00f4pital Costa del Sol et les nouveaux quartiers r\u00e9sidentiels. Cabopino est d\u00e9sormais int\u00e9gr\u00e9 au r\u00e9seau, b\u00e9n\u00e9ficiant ainsi de services essentiels.<\/p>\n\n\n\n<p><\/p>\n\n\n\n<figure class=\"wp-block-image size-full\"><img loading=\"lazy\" decoding=\"async\" width=\"2000\" height=\"994\" src=\"https:\/\/www.marbellavillage.es\/blog\/wp-content\/uploads\/2024\/08\/Capture-decran-2024-08-04-a-0-3.png\" alt=\"Line 6: Cabopino - C.C. La Ca\u00f1ada\" class=\"wp-image-625\" srcset=\"https:\/\/www.marbellavillage.es\/blog\/wp-content\/uploads\/2024\/08\/Capture-decran-2024-08-04-a-0-3.png 2000w, https:\/\/www.marbellavillage.es\/blog\/wp-content\/uploads\/2024\/08\/Capture-decran-2024-08-04-a-0-3-768x382.png 768w, https:\/\/www.marbellavillage.es\/blog\/wp-content\/uploads\/2024\/08\/Capture-decran-2024-08-04-a-0-3-1536x763.png 1536w\" sizes=\"(max-width: 2000px) 100vw, 2000px\" \/><\/figure>\n\n\n\n<p><\/p>\n\n\n\n<h4 class=\"wp-block-heading\">Ligne 6B : C.C. La Ca\u00f1ada &#8211; Belo Horizonte Alto<\/h4>\n\n\n\n<p>Une alternative \u00e0 la ligne 6 pour ceux qui souhaitent rester dans le centre de Marbella. Elle relie le centre commercial La Ca\u00f1ada au march\u00e9 municipal avant de longer l&rsquo;avenue c\u00f4ti\u00e8re. Elle passe \u00e9galement \u00e0 proximit\u00e9 de nos magnifiques appartements \u00e0 Marbella Village.<\/p>\n\n\n\n<p><\/p>\n\n\n\n<figure class=\"wp-block-image size-full\"><img loading=\"lazy\" decoding=\"async\" width=\"1212\" height=\"610\" src=\"https:\/\/www.marbellavillage.es\/blog\/wp-content\/uploads\/2024\/08\/Capture-decran-2024-08-04-a-07.26.13.png\" alt=\"Line 6B\" class=\"wp-image-640\" srcset=\"https:\/\/www.marbellavillage.es\/blog\/wp-content\/uploads\/2024\/08\/Capture-decran-2024-08-04-a-07.26.13.png 1212w, https:\/\/www.marbellavillage.es\/blog\/wp-content\/uploads\/2024\/08\/Capture-decran-2024-08-04-a-07.26.13-768x387.png 768w\" sizes=\"(max-width: 1212px) 100vw, 1212px\" \/><\/figure>\n\n\n\n<p><\/p>\n\n\n\n<h4 class=\"wp-block-heading\">Ligne 8 : C.C. La Ca\u00f1ada &#8211; San Pedro (Nocturne)<\/h4>\n\n\n\n<p>Service nocturne reliant La Ca\u00f1ada au centre de Marbella, \u00e0 la Milla de Oro, Puerto Ban\u00fas et San Pedro Alc\u00e1ntara. Il fonctionne tous les jours et propose une couverture 24h\/24, adapt\u00e9e aussi bien aux touristes qu\u2019aux habitants.<\/p>\n\n\n\n<p><\/p>\n\n\n\n<figure class=\"wp-block-image size-full\"><img loading=\"lazy\" decoding=\"async\" width=\"2000\" height=\"1018\" src=\"https:\/\/www.marbellavillage.es\/blog\/wp-content\/uploads\/2024\/08\/Capture-decran-2024-08-04-a-0-5-1.png\" alt=\"Line 8: C.C. La Ca\u00f1ada - San Pedro (Nocturno)\" class=\"wp-image-650\" srcset=\"https:\/\/www.marbellavillage.es\/blog\/wp-content\/uploads\/2024\/08\/Capture-decran-2024-08-04-a-0-5-1.png 2000w, https:\/\/www.marbellavillage.es\/blog\/wp-content\/uploads\/2024\/08\/Capture-decran-2024-08-04-a-0-5-1-768x391.png 768w, https:\/\/www.marbellavillage.es\/blog\/wp-content\/uploads\/2024\/08\/Capture-decran-2024-08-04-a-0-5-1-1536x782.png 1536w\" sizes=\"(max-width: 2000px) 100vw, 2000px\" \/><\/figure>\n\n\n\n<p><\/p>\n\n\n\n<h4 class=\"wp-block-heading\">Ligne 9 : Cabopino &#8211; Centre de Marbella (Nocturne)<\/h4>\n\n\n\n<p>Service nocturne entre le centre de Marbella et Cabopino, id\u00e9al pour rejoindre les zones de sortie nocturne. Il est assur\u00e9 par un bus Mercedes-Benz Citaro de 12 m\u00e8tres, garantissant un transport s\u00fbr et fiable pendant la nuit.<\/p>\n\n\n\n<figure class=\"wp-block-image size-full\"><img loading=\"lazy\" decoding=\"async\" width=\"2000\" height=\"997\" src=\"https:\/\/www.marbellavillage.es\/blog\/wp-content\/uploads\/2024\/08\/Capture-decran-2024-08-04-a-0-6.png\" alt=\"Line 9: Cabopino - Marbella Centro (Nocturno) public transport route\" class=\"wp-image-655\" srcset=\"https:\/\/www.marbellavillage.es\/blog\/wp-content\/uploads\/2024\/08\/Capture-decran-2024-08-04-a-0-6.png 2000w, https:\/\/www.marbellavillage.es\/blog\/wp-content\/uploads\/2024\/08\/Capture-decran-2024-08-04-a-0-6-768x383.png 768w, https:\/\/www.marbellavillage.es\/blog\/wp-content\/uploads\/2024\/08\/Capture-decran-2024-08-04-a-0-6-1536x766.png 1536w\" sizes=\"(max-width: 2000px) 100vw, 2000px\" \/><\/figure>\n\n\n\n<p><\/p>\n\n\n\n<h2 class=\"wp-block-heading\">Tarifs et Abonnements<\/h2>\n\n\n\n<p>Les tarifs du transport urbain \u00e0 Marbella sont abordables, que vous soyez r\u00e9sident ou touriste. Plusieurs options sont disponibles :<\/p>\n\n\n\n<ul class=\"wp-block-list\">\n<li><strong>Ticket simple<\/strong> : 1,20 \u20ac<\/li>\n\n\n\n<li><strong>Carnet de 10 trajets<\/strong> : 10,50 \u20ac<\/li>\n\n\n\n<li><strong>Abonnement mensuel<\/strong> : 35 \u20ac (trajets illimit\u00e9s pendant un mois)<\/li>\n\n\n\n<li><strong>Pass touristique<\/strong> : 15 \u20ac pour 3 jours (trajets illimit\u00e9s)<\/li>\n<\/ul>\n\n\n\n<p><\/p>\n\n\n\n<h2 class=\"wp-block-heading\">Fr\u00e9quence des Bus<\/h2>\n\n\n\n<p><a href=\"https:\/\/malaga.avanzagrupo.com\/en\" target=\"_blank\" rel=\"noopener\">Les bus de Marbella<\/a> circulent fr\u00e9quemment pour r\u00e9duire les temps d&rsquo;attente :<\/p>\n\n\n\n<ul class=\"wp-block-list\">\n<li><strong>Heures de pointe<\/strong> : toutes les 15 \u00e0 20 minutes<\/li>\n\n\n\n<li><strong>Heures creuses<\/strong> : toutes les 30 minutes<\/li>\n\n\n\n<li><strong>Services de nuit<\/strong> : toutes les heures<\/li>\n<\/ul>\n\n\n\n<p><\/p>\n\n\n\n<h3 class=\"wp-block-heading\">Conclusion<\/h3>\n\n\n\n<p>Le syst\u00e8me de transport urbain de Marbella est con\u00e7u pour offrir un service efficace, fiable et respectueux de l&rsquo;environnement. Que vous alliez au travail, exploriez la ville ou sortiez le soir, les bus sont une option pratique pour vous d\u00e9placer. Gr\u00e2ce \u00e0 des fr\u00e9quences r\u00e9guli\u00e8res, des tarifs abordables et une bonne couverture, Marbella propose une exp\u00e9rience de transport agr\u00e9able \u00e0 tous. Si vous r\u00e9servez votre s\u00e9jour avec Marbella Village, vous aurez acc\u00e8s \u00e0 toutes ces lignes en quelques minutes \u00e0 pied.<\/p>\n","protected":false},"excerpt":{"rendered":"<p>Marbella, destination touristique de renom, dispose d&rsquo;un syst\u00e8me de transport urbain efficace et complet. S&rsquo;\u00e9tendant d&rsquo;ouest en est, la ville&#8230;<\/p>\n","protected":false},"author":2,"featured_media":611,"comment_status":"open","ping_status":"closed","sticky":false,"template":"","format":"standard","meta":{"footnotes":""},"categories":[91],"tags":[],"class_list":["post-1765","post","type-post","status-publish","format-standard","has-post-thumbnail","hentry","category-tips-fr"],"_links":{"self":[{"href":"https:\/\/www.marbellavillage.es\/blog\/fr\/wp-json\/wp\/v2\/posts\/1765","targetHints":{"allow":["GET"]}}],"collection":[{"href":"https:\/\/www.marbellavillage.es\/blog\/fr\/wp-json\/wp\/v2\/posts"}],"about":[{"href":"https:\/\/www.marbellavillage.es\/blog\/fr\/wp-json\/wp\/v2\/types\/post"}],"author":[{"embeddable":true,"href":"https:\/\/www.marbellavillage.es\/blog\/fr\/wp-json\/wp\/v2\/users\/2"}],"replies":[{"embeddable":true,"href":"https:\/\/www.marbellavillage.es\/blog\/fr\/wp-json\/wp\/v2\/comments?post=1765"}],"version-history":[{"count":3,"href":"https:\/\/www.marbellavillage.es\/blog\/fr\/wp-json\/wp\/v2\/posts\/1765\/revisions"}],"predecessor-version":[{"id":2358,"href":"https:\/\/www.marbellavillage.es\/blog\/fr\/wp-json\/wp\/v2\/posts\/1765\/revisions\/2358"}],"wp:featuredmedia":[{"embeddable":true,"href":"https:\/\/www.marbellavillage.es\/blog\/fr\/wp-json\/wp\/v2\/media\/611"}],"wp:attachment":[{"href":"https:\/\/www.marbellavillage.es\/blog\/fr\/wp-json\/wp\/v2\/media?parent=1765"}],"wp:term":[{"taxonomy":"category","embeddable":true,"href":"https:\/\/www.marbellavillage.es\/blog\/fr\/wp-json\/wp\/v2\/categories?post=1765"},{"taxonomy":"post_tag","embeddable":true,"href":"https:\/\/www.marbellavillage.es\/blog\/fr\/wp-json\/wp\/v2\/tags?post=1765"}],"curies":[{"name":"wp","href":"https:\/\/api.w.org\/{rel}","templated":true}]}}