{"id":3207,"date":"2026-03-11T20:57:59","date_gmt":"2026-03-11T20:57:59","guid":{"rendered":"https:\/\/www.marbellavillage.es\/blog\/?p=3207"},"modified":"2026-03-12T07:35:51","modified_gmt":"2026-03-12T07:35:51","slug":"ostern-marbella-2026","status":"publish","type":"post","link":"https:\/\/www.marbellavillage.es\/blog\/de\/ostern-marbella-2026\/","title":{"rendered":"Ostern in Marbella 2026: Prozessionen und Wo Man Sie in der N\u00e4he der Altstadt Sehen Kann"},"content":{"rendered":"\n<p>Die Karwoche in Marbella 2026 ist eine der atmosph\u00e4rischsten Zeiten des Jahres in der Stadt. Wenn der Abend \u00fcber der Altstadt hereinbricht, erf\u00fcllen langsame Trommelrhythmen, Blaskapellen und Kerzenlicht die engen Stra\u00dfen, w\u00e4hrend sich die Prozessionen durch historische Pl\u00e4tze bewegen. Weihrauch liegt in der Luft, w\u00e4hrend Einheimische und Besucher ruhig entlang der Stra\u00dfen zusammenkommen und auf das Erscheinen der n\u00e4chsten Prozession warten.<\/p>\n\n\n\n<p><strong>Die Semana Santa in Marbella findet vom 29. M\u00e4rz bis zum 5. April<\/strong> statt und verwandelt das historische Zentrum in das Herz der kulturellen und religi\u00f6sen Traditionen der Stadt. Obwohl sich die genauen Termine jedes Jahr \u00e4ndern, f\u00e4llt die Semana Santa in Marbella gew\u00f6hnlich zwischen Ende M\u00e4rz und Anfang April und bringt eine Woche voller Prozessionen, Zeremonien und gemeinschaftlicher Veranstaltungen mit sich, die eine tiefere Seite der andalusischen Kultur zeigen.<\/p>\n\n\n\n<p>F\u00fcr Reisende, die in der Altstadt von Marbella \u00fcbernachten, ist das Erlebnis besonders intensiv. Viele der eindrucksvollsten Momente finden direkt im historischen Zentrum statt, wo sich enge Gassen pl\u00f6tzlich zu traditionellen Pl\u00e4tzen \u00f6ffnen.<\/p>\n\n\n\n<p>Viele der Routen der Semana Santa f\u00fchren durch das historische Zentrum in der N\u00e4he der Calle Aduar, wodurch Besucher, die in den <a href=\"https:\/\/www.marbellavillage.es\/de\/\"><strong>Marbella Village Apartments \u00fcbernachten,<\/strong><\/a> die Prozessionen nur wenige Schritte von ihrer Unterkunft entfernt erleben k\u00f6nnen.<\/p>\n\n\n\n<p><strong>Dieser Guide stellt die wichtigsten Prozessionen der Karwoche in Marbella 2026 vor,<\/strong> die besten Orte, um sie in der N\u00e4he der Altstadt zu beobachten, sowie praktische Tipps, um die Semana Santa wie ein Einheimischer zu erleben.<\/p>\n\n\n\n<p><\/p>\n\n\n\n<figure class=\"wp-block-image size-full is-resized\"><img fetchpriority=\"high\" decoding=\"async\" width=\"1500\" height=\"843\" src=\"https:\/\/www.marbellavillage.es\/blog\/wp-content\/uploads\/2026\/03\/1.jpg\" alt=\"\" class=\"wp-image-3279\" style=\"aspect-ratio:1.7793664978651573;width:732px;height:auto\" srcset=\"https:\/\/www.marbellavillage.es\/blog\/wp-content\/uploads\/2026\/03\/1.jpg 1500w, https:\/\/www.marbellavillage.es\/blog\/wp-content\/uploads\/2026\/03\/1-768x432.jpg 768w\" sizes=\"(max-width: 1500px) 100vw, 1500px\" \/><\/figure>\n\n\n\n<div style=\"height:19px\" aria-hidden=\"true\" class=\"wp-block-spacer\"><\/div>\n\n\n\n<h1 class=\"wp-block-heading\">Karwoche in Marbella 2026 \u2013 Wichtige Termine<\/h1>\n\n\n\n<ul class=\"wp-block-list\">\n<li>Palmsonntag: 29. M\u00e4rz 2026<\/li>\n\n\n\n<li>Dienstag der Karwoche: 31. M\u00e4rz 2026<\/li>\n\n\n\n<li>Mittwoch der Karwoche: 1. April 2026<\/li>\n\n\n\n<li>Gr\u00fcndonnerstag: 2. April 2026<\/li>\n\n\n\n<li>Karfreitag: 3. April 2026<\/li>\n\n\n\n<li>Ostersonntag: 5. April 2026<\/li>\n<\/ul>\n\n\n\n<p>Diese Tage bilden den Kern der Semana Santa Marbella, wenn die wichtigsten Prozessionen durch das historische Zentrum ziehen.<\/p>\n\n\n\n<div style=\"height:21px\" aria-hidden=\"true\" class=\"wp-block-spacer\"><\/div>\n\n\n\n<h1 class=\"wp-block-heading\">Was ist die Semana Santa in Marbella?<\/h1>\n\n\n\n<p>Die Semana Santa, oder Karwoche, erinnert an die letzten Tage im Leben Jesu Christi und seine Auferstehung. In ganz Andalusien wird sie mit feierlichen religi\u00f6sen Prozessionen begangen, die von lokalen Bruderschaften organisiert werden, die als <em>cofrad\u00edas<\/em> bekannt sind.<\/p>\n\n\n\n<p>Jede Prozession tr\u00e4gt kunstvoll gestaltete religi\u00f6se Plattformen, sogenannte <em>pasos<\/em>, begleitet von Musik, Kerzen und Teilnehmern in traditionellen Gew\u00e4ndern. Diese Prozessionen bewegen sich langsam durch die Stra\u00dfen und ben\u00f6tigen oft mehrere Stunden, um ihre Route durch das historische Zentrum zur\u00fcckzulegen.<\/p>\n\n\n\n<p>Obwohl sie tief in religi\u00f6sen Traditionen verwurzelt ist, geh\u00f6rt die Semana Santa heute auch zu den wichtigsten kulturellen Ereignissen im S\u00fcden Spaniens. Besucher nehmen nicht nur aus spirituellen Gr\u00fcnden teil, sondern auch, um die historische Atmosph\u00e4re, die Kunst und die Symbolik dieser Feier zu erleben.<\/p>\n\n\n\n<p>In Marbella, oft einfach als \u201eSemana Santa Marbella\u201c bezeichnet, verwandelt die Feier die Altstadt in das Herz der Traditionen der Stadt. Viele der atmosph\u00e4rischsten Prozessionen der Semana Santa Marbella in der Altstadt finden rund um die Plaza de la Iglesia und die umliegenden historischen Stra\u00dfen statt.<\/p>\n\n\n\n<div style=\"height:22px\" aria-hidden=\"true\" class=\"wp-block-spacer\"><\/div>\n\n\n\n<h1 class=\"wp-block-heading\">Die Bedeutung der Gew\u00e4nder der Nazarenos<\/h1>\n\n\n\n<p>Einer der eindrucksvollsten Anblicke w\u00e4hrend der Semana Santa in Marbella ist die lange Reihe der <em><strong>Nazarenos<\/strong><\/em>, Teilnehmer, die in den Prozessionen in traditionellen Gew\u00e4ndern und mit hohen spitzen Kapuzen, sogenannten <strong><em>capirotes,<\/em><\/strong> gehen.<\/p>\n\n\n\n<p>Diese Gew\u00e4nder sind Teil einer jahrhundertealten katholischen Tradition, die Bu\u00dfe, Demut und Hingabe symbolisiert. Historisch gesehen erlaubte die Kapuze den Teilnehmern, Bu\u00dfakte anonym zu vollziehen, wodurch die spirituelle Reflexion wichtiger wurde als die individuelle Identit\u00e4t.<\/p>\n\n\n\n<p>F\u00fcr Besucher, die mit der spanischen Karwoche nicht vertraut sind, kann die spitze Form zun\u00e4chst \u00fcberraschend wirken. Ihre Bedeutung ist jedoch rein religi\u00f6s und tief in der andalusischen Kultur verwurzelt. Jede Bruderschaft hat ihre eigenen Farben und Gew\u00e4nder, wodurch eine bewegte Prozession aus Stoffen, Kerzen und Symbolen entsteht, die langsam durch die historischen Stra\u00dfen von Marbella zieht.<\/p>\n\n\n\n<p><\/p>\n\n\n\n<figure class=\"wp-block-image size-full is-resized\"><img decoding=\"async\" width=\"1000\" height=\"600\" src=\"https:\/\/www.marbellavillage.es\/blog\/wp-content\/uploads\/2026\/03\/blog-semana-santa.jpg\" alt=\"\" class=\"wp-image-3284\" style=\"width:725px;height:auto\" srcset=\"https:\/\/www.marbellavillage.es\/blog\/wp-content\/uploads\/2026\/03\/blog-semana-santa.jpg 1000w, https:\/\/www.marbellavillage.es\/blog\/wp-content\/uploads\/2026\/03\/blog-semana-santa-768x461.jpg 768w\" sizes=\"(max-width: 1000px) 100vw, 1000px\" \/><\/figure>\n\n\n\n<div style=\"height:23px\" aria-hidden=\"true\" class=\"wp-block-spacer\"><\/div>\n\n\n\n<h1 class=\"wp-block-heading\">Palmsonntag \u2013 La Pollinica<\/h1>\n\n\n\n<p>Der Palmsonntag markiert den offiziellen Beginn der Karwoche in Marbella 2026, und eine der bekanntesten Prozessionen ist La Pollinica.<\/p>\n\n\n\n<p>Diese Prozession beginnt traditionell am Nachmittag und erinnert an den Einzug Jesu in Jerusalem. Die Atmosph\u00e4re am Palmsonntag wirkt einladend und festlich, was sie zu einer hervorragenden ersten Einf\u00fchrung in die Semana Santa f\u00fcr Besucher macht.<\/p>\n\n\n\n<p>Die Prozession durch die Altstadt ziehen zu sehen, bietet einen eindrucksvollen visuellen Kontrast: alte Stra\u00dfen, traditionelle Gew\u00e4nder und Musik, die zwischen wei\u00df get\u00fcnchten Geb\u00e4uden widerhallt.<\/p>\n\n\n\n<div style=\"height:23px\" aria-hidden=\"true\" class=\"wp-block-spacer\"><\/div>\n\n\n\n<h1 class=\"wp-block-heading\">Montag der Karwoche \u2013 Ein Ruhigerer Tag in der Altstadt<\/h1>\n\n\n\n<p>Der Montag der Karwoche ist normalerweise einer der ruhigeren Tage der Semana Santa in Marbella. Anstelle gro\u00dfer Prozessionen bietet der Tag ein langsameres Tempo \u2014 und ist damit eine perfekte Gelegenheit, das historische Zentrum zu erkunden.<\/p>\n\n\n\n<p>Besucher verbringen den Tag h\u00e4ufig damit, die lokale Kultur zu entdecken, sich in Caf\u00e9s zu entspannen oder durch die historischen Stra\u00dfen Marbellas zu schlendern, bevor sp\u00e4ter in der Woche die n\u00e4chsten Abendprozessionen beginnen.<\/p>\n\n\n\n<p>Es ist auch ein idealer Moment, um einige der <strong>25 kostenlosen (oder fast kostenlosen) Dinge, die man in Marbella tun kann<\/strong>, zu entdecken, besonders wenn man die Altstadt in einem entspannten Tempo erkunden m\u00f6chte.<\/p>\n\n\n\n<div style=\"height:23px\" aria-hidden=\"true\" class=\"wp-block-spacer\"><\/div>\n\n\n\n<h1 class=\"wp-block-heading\">Dienstag der Karwoche \u2013 Cautivo und Santa Marta<\/h1>\n\n\n\n<p>Der Dienstag der Karwoche bringt eine der atmosph\u00e4rischsten Abendprozessionen der Woche: Cautivo und Santa Marta.<\/p>\n\n\n\n<p>Diese Prozession beginnt oft sp\u00e4ter am Abend, wenn Kerzenlicht und Musik eine feierlichere Atmosph\u00e4re in der gesamten Altstadt schaffen. Zu sehen, wie die Prozession durch enge Stra\u00dfen zieht, erm\u00f6glicht den Zuschauern ein besonders intensives Erlebnis.<\/p>\n\n\n\n<p>Vor oder nach der Prozession genie\u00dfen viele Besucher einen Spaziergang durch das historische Zentrum und machen Halt f\u00fcr etwas S\u00fc\u00dfes \u2014 ein perfekter Moment, um <strong>die besten Eisdielen in der Altstadt von Marbella<\/strong> zu entdecken und gleichzeitig die festliche Atmosph\u00e4re zu genie\u00dfen.<\/p>\n\n\n\n<div style=\"height:23px\" aria-hidden=\"true\" class=\"wp-block-spacer\"><\/div>\n\n\n\n<h1 class=\"wp-block-heading\">Mittwoch der Karwoche und Gr\u00fcndonnerstag \u2013 Nazareno<\/h1>\n\n\n\n<p>In der Mitte der Woche wird die emotionale Intensit\u00e4t der Semana Santa noch sp\u00fcrbarer.<\/p>\n\n\n\n<p>Die Nazareno-Prozession, die normalerweise am Mittwochabend stattfindet, geh\u00f6rt zu den wichtigsten Ereignissen im Kalender der Semana Santa. Das feierliche Tempo, die von Kerzen erleuchteten Stra\u00dfen und die Musik schaffen eine kraftvolle Atmosph\u00e4re im gesamten historischen Zentrum von Marbella.<\/p>\n\n\n\n<p>Fotografen und Besucher empfinden diese Abende oft als besonders eindrucksvoll. Die Kombination aus historischer Architektur, traditionellen Gew\u00e4ndern und flackerndem Kerzenlicht erzeugt einige der eindrucksvollsten Szenen der gesamten Woche.<\/p>\n\n\n\n<div style=\"height:23px\" aria-hidden=\"true\" class=\"wp-block-spacer\"><\/div>\n\n\n\n<h1 class=\"wp-block-heading\">Gr\u00fcndonnerstag \u2013 Calvario, Amor und Vera Cruz<\/h1>\n\n\n\n<p>Der Gr\u00fcndonnerstag ist oft eine der belebtesten N\u00e4chte der Semana Santa in Marbella.<\/p>\n\n\n\n<p>Mehrere Prozessionen ziehen durch die Altstadt, darunter Calvario, Cristo del Amor und Vera Cruz. W\u00e4hrend diese Prozessionen durch das historische Zentrum ziehen, versammeln sich Zuschauer auf Pl\u00e4tzen und in engen Stra\u00dfen, um den zeremoniellen Durchzug der religi\u00f6sen Plattformen zu beobachten, die von <em>Costaleros<\/em> getragen werden.<\/p>\n\n\n\n<p>Eine der Besonderheiten der Semana Santa ist das langsame Tempo dieser Prozessionen. Die schweren <em>pasos<\/em> werden von Dutzenden Teilnehmern auf den Schultern getragen, die in synchronen Schritten unter der Struktur gehen.<\/p>\n\n\n\n<div style=\"height:23px\" aria-hidden=\"true\" class=\"wp-block-spacer\"><\/div>\n\n\n\n<h1 class=\"wp-block-heading\">Karfreitag \u2013 Der Feierlichste Tag der Woche<\/h1>\n\n\n\n<p>Der Karfreitag erinnert an die Kreuzigung Jesu Christi und ist traditionell der feierlichste Tag der Semana Santa.<\/p>\n\n\n\n<p>In Marbella tragen die Prozessionen am Karfreitag eine noch nachdenklichere und stillere Atmosph\u00e4re. Die Musik wird langsamer, die Stimmung kontemplativer, und die Zuschauer beobachten still, w\u00e4hrend die Prozessionen vorbeiziehen.<\/p>\n\n\n\n<p>Selbst f\u00fcr Besucher, die nicht religi\u00f6s sind, kann das Erlebnis tief bewegend und kulturell bedeutend sein.<\/p>\n\n\n\n<div style=\"height:23px\" aria-hidden=\"true\" class=\"wp-block-spacer\"><\/div>\n\n\n\n<h1 class=\"wp-block-heading\">Ostersonntag \u2013 Auferstehungsprozession<\/h1>\n\n\n\n<p>Der Ostersonntag markiert den freudigen Abschluss der Semana Santa.<\/p>\n\n\n\n<p>Die Auferstehungsprozession feiert die Auferstehung Christi und findet h\u00e4ufig am Morgen statt. Nach mehreren Tagen feierlicher Zeremonien wird die Atmosph\u00e4re heller und festlicher.<\/p>\n\n\n\n<p>F\u00fcr viele Besucher bietet der Ostersonntag den perfekten Moment, die Traditionen der Semana Santa zu erleben, bevor sie ein entspanntes Mittagessen in der Altstadt genie\u00dfen.<\/p>\n\n\n\n<p><\/p>\n\n\n\n<h1 class=\"wp-block-heading\">Die Besten Orte, um die Prozessionen in der Altstadt von Marbella zu Sehen<\/h1>\n\n\n\n<p>Einige der eindrucksvollsten Orte, um die Prozessionen zu beobachten, befinden sich direkt im historischen Zentrum von Marbella.<\/p>\n\n\n\n<p>Viele Besucher versammeln sich in der N\u00e4he der Plaza de la Iglesia, wo mehrere Prozessionen beginnen oder enden, w\u00e4hrend die Plaza de los Naranjos eine wundersch\u00f6ne Kulisse bietet, umgeben von historischen Geb\u00e4uden. Die engen Stra\u00dfen rund um die Calle Ancha und die kleinen Gassen der Altstadt bieten oft das intimste Erlebnis.<\/p>\n\n\n\n<p>Viele der wichtigsten Prozessionsrouten f\u00fchren durch das historische Zentrum von Marbella, sodass Besucher, die in der N\u00e4he der Calle Aduar \u00fcbernachten, bereits nur wenige Gehminuten von mehreren idealen Aussichtspunkten entfernt sind.<\/p>\n\n\n\n<p>Besucher, die weitere Informationen zu kulturellen Veranstaltungen und lokalen Feierlichkeiten erhalten m\u00f6chten, k\u00f6nnen auch die <strong><a href=\"https:\/\/www.marbella.es\/\" target=\"_blank\" rel=\"noopener\">offizielle Tourismus-Website der Stadt Marbella<\/a><\/strong> konsultieren.<\/p>\n\n\n\n<p><\/p>\n\n\n\n<figure class=\"wp-block-image size-full is-resized\"><img decoding=\"async\" width=\"1920\" height=\"1086\" src=\"https:\/\/www.marbellavillage.es\/blog\/wp-content\/uploads\/2026\/03\/2579_plaza-de-la-iglesia_introfull-1.jpg\" alt=\"\" class=\"wp-image-3310\" style=\"width:729px;height:auto\" srcset=\"https:\/\/www.marbellavillage.es\/blog\/wp-content\/uploads\/2026\/03\/2579_plaza-de-la-iglesia_introfull-1.jpg 1920w, https:\/\/www.marbellavillage.es\/blog\/wp-content\/uploads\/2026\/03\/2579_plaza-de-la-iglesia_introfull-1-768x434.jpg 768w, https:\/\/www.marbellavillage.es\/blog\/wp-content\/uploads\/2026\/03\/2579_plaza-de-la-iglesia_introfull-1-1536x869.jpg 1536w\" sizes=\"(max-width: 1920px) 100vw, 1920px\" \/><\/figure>\n\n\n\n<div style=\"height:23px\" aria-hidden=\"true\" class=\"wp-block-spacer\"><\/div>\n\n\n\n<h1 class=\"wp-block-heading\">Vorgeschlagener Karwochen-Plan f\u00fcr Besucher, die in der Altstadt \u00dcbernachten<\/h1>\n\n\n\n<p>Eine einfache M\u00f6glichkeit, die Semana Santa zu erleben, besteht darin, die Woche rund um die wichtigsten Ereignisse zu planen.<\/p>\n\n\n\n<p>Der Palmsonntag er\u00f6ffnet die Feierlichkeiten mit La Pollinica. Der Montag der Karwoche bietet Zeit, Marbella in einem ruhigeren Tempo zu erkunden. Der Dienstag und Mittwoch der Karwoche bringen besonders atmosph\u00e4rische Abendprozessionen, w\u00e4hrend Gr\u00fcndonnerstag und Karfreitag den emotionalen H\u00f6hepunkt der Woche darstellen.<\/p>\n\n\n\n<p>Tags\u00fcber kombinieren viele Besucher die Feierlichkeiten mit anderen Erlebnissen in Marbella. Viele Reisende verbringen den Nachmittag damit, <strong>25 Kostenlose Dinge, die man in der Altstadt von Marbella<\/strong> unternehmen kannzu entdecken, bevor sie f\u00fcr die Abendprozessionen ins historische Zentrum zur\u00fcckkehren.<\/p>\n\n\n\n<p>Der Sonnenuntergang kann ebenfalls ein wundersch\u00f6ner Moment sein, bevor die Prozessionen beginnen, besonders wenn man <strong>die besten Orte f\u00fcr den Sonnenuntergang in Marbella<\/strong> erkundet.<\/p>\n\n\n\n<div style=\"height:23px\" aria-hidden=\"true\" class=\"wp-block-spacer\"><\/div>\n\n\n\n<h1 class=\"wp-block-heading\">Praktische Tipps, um die Semana Santa zu Genie\u00dfen<\/h1>\n\n\n\n<p>Kommen Sie fr\u00fch, wenn Sie einen guten Platz f\u00fcr die Prozessionen bekommen m\u00f6chten, besonders am Gr\u00fcndonnerstag und Karfreitag, wenn die Altstadt voller wird.<\/p>\n\n\n\n<p>Tragen Sie bequeme Schuhe. Die Semana Santa bedeutet oft, lange zu stehen und durch das historische Zentrum zu gehen.<\/p>\n\n\n\n<p>Seien Sie flexibel mit Ihren Essenszeiten. Restaurants k\u00f6nnen w\u00e4hrend der Abendprozessionen sehr voll werden.<\/p>\n\n\n\n<p>Respektieren Sie die Atmosph\u00e4re. Obwohl viele Besucher aus kulturellem Interesse teilnehmen, bleiben die Prozessionen wichtige religi\u00f6se Traditionen f\u00fcr die lokalen Bewohner.<\/p>\n\n\n\n<hr class=\"wp-block-separator has-alpha-channel-opacity\"\/>\n\n\n\n<h1 class=\"wp-block-heading\">FAQ \u2013 Semana Santa in Marbella<\/h1>\n\n\n\n<ul class=\"wp-block-list\">\n<li><strong>Wann findet die Semana Santa in Marbella statt?<\/strong><\/li>\n<\/ul>\n\n\n\n<p>Im Jahr 2026 findet die Semana Santa in Marbella vom 29. M\u00e4rz bis zum 5. April statt.<\/p>\n\n\n\n<ul class=\"wp-block-list\">\n<li><strong>Wo sind die besten Orte, um die Prozessionen zu sehen?<\/strong><\/li>\n<\/ul>\n\n\n\n<p>Die atmosph\u00e4rischsten Orte befinden sich rund um die Plaza de la Iglesia, die Plaza de los Naranjos und die Calle Ancha.<\/p>\n\n\n\n<ul class=\"wp-block-list\">\n<li><strong>Braucht man Tickets?<\/strong><\/li>\n<\/ul>\n\n\n\n<p>Nein. Die Prozessionen finden auf \u00f6ffentlichen Stra\u00dfen statt.<\/p>\n\n\n\n<ul class=\"wp-block-list\">\n<li><strong>Um wie viel Uhr beginnen die Prozessionen normalerweise?<\/strong><\/li>\n<\/ul>\n\n\n\n<p>Die meisten beginnen am sp\u00e4ten Nachmittag oder am Abend. Besucher k\u00f6nnen die Zeiten auf der <strong><a href=\"https:\/\/semanasanta.marbella.es\/\" target=\"_blank\" rel=\"noopener\">offiziellen Website der Semana Santa in Marbella<\/a><\/strong> \u00fcberpr\u00fcfen.<\/p>\n\n\n\n<ul class=\"wp-block-list\">\n<li><strong>Ist die Semana Santa auch f\u00fcr nicht religi\u00f6se Besucher geeignet?<\/strong><\/li>\n<\/ul>\n\n\n\n<p>Ja. Viele Besucher erleben die Semana Santa als kulturelles und historisches Ereignis.<\/p>\n\n\n\n<hr class=\"wp-block-separator has-alpha-channel-opacity\"\/>\n\n\n\n<h1 class=\"wp-block-heading\">Fazit<\/h1>\n\n\n\n<p>W\u00e4hrend der Karwoche wird die Altstadt von Marbella zu einem der atmosph\u00e4rischsten Orte, um andalusische Traditionen zu erleben. Kerzenbeleuchtete Prozessionen, historische Stra\u00dfen und zeremonielle Musik schaffen einen einzigartigen kulturellen Moment, der zugleich intim und eindrucksvoll ist.<\/p>\n\n\n\n<p>Wenn Sie die Semana Santa im Herzen des historischen Zentrums erleben m\u00f6chten, entdecken Sie unsere <a href=\"https:\/\/www.marbellavillage.es\/de\/\"><strong>Studios und Apartments in der Altstadt von Marbella<\/strong>.<\/a><\/p>\n\n\n\n<p>F\u00fcr pers\u00f6nliche Empfehlungen oder Hilfe bei der Planung Ihres Aufenthalts k\u00f6nnen Sie uns jederzeit <strong>kontaktieren<\/strong> \u2014 wir helfen Ihnen gerne dabei, Marbella w\u00e4hrend einer der sch\u00f6nsten Wochen des Jahres zu genie\u00dfen.<\/p>\n\n\n\n<p><\/p>\n","protected":false},"excerpt":{"rendered":"<p>Die Karwoche in Marbella 2026 ist eine der atmosph\u00e4rischsten Zeiten des Jahres in der Stadt. Wenn der Abend \u00fcber der&#8230;<\/p>\n","protected":false},"author":2,"featured_media":3279,"comment_status":"open","ping_status":"closed","sticky":false,"template":"","format":"standard","meta":{"footnotes":""},"categories":[95],"tags":[],"class_list":["post-3207","post","type-post","status-publish","format-standard","has-post-thumbnail","hentry","category-lebensstil"],"_links":{"self":[{"href":"https:\/\/www.marbellavillage.es\/blog\/de\/wp-json\/wp\/v2\/posts\/3207","targetHints":{"allow":["GET"]}}],"collection":[{"href":"https:\/\/www.marbellavillage.es\/blog\/de\/wp-json\/wp\/v2\/posts"}],"about":[{"href":"https:\/\/www.marbellavillage.es\/blog\/de\/wp-json\/wp\/v2\/types\/post"}],"author":[{"embeddable":true,"href":"https:\/\/www.marbellavillage.es\/blog\/de\/wp-json\/wp\/v2\/users\/2"}],"replies":[{"embeddable":true,"href":"https:\/\/www.marbellavillage.es\/blog\/de\/wp-json\/wp\/v2\/comments?post=3207"}],"version-history":[{"count":15,"href":"https:\/\/www.marbellavillage.es\/blog\/de\/wp-json\/wp\/v2\/posts\/3207\/revisions"}],"predecessor-version":[{"id":3315,"href":"https:\/\/www.marbellavillage.es\/blog\/de\/wp-json\/wp\/v2\/posts\/3207\/revisions\/3315"}],"wp:featuredmedia":[{"embeddable":true,"href":"https:\/\/www.marbellavillage.es\/blog\/de\/wp-json\/wp\/v2\/media\/3279"}],"wp:attachment":[{"href":"https:\/\/www.marbellavillage.es\/blog\/de\/wp-json\/wp\/v2\/media?parent=3207"}],"wp:term":[{"taxonomy":"category","embeddable":true,"href":"https:\/\/www.marbellavillage.es\/blog\/de\/wp-json\/wp\/v2\/categories?post=3207"},{"taxonomy":"post_tag","embeddable":true,"href":"https:\/\/www.marbellavillage.es\/blog\/de\/wp-json\/wp\/v2\/tags?post=3207"}],"curies":[{"name":"wp","href":"https:\/\/api.w.org\/{rel}","templated":true}]}}