{"id":2482,"date":"2025-09-18T17:00:32","date_gmt":"2025-09-18T17:00:32","guid":{"rendered":"https:\/\/www.marbellavillage.es\/blog\/?p=2482"},"modified":"2025-09-26T12:23:40","modified_gmt":"2025-09-26T12:23:40","slug":"besten-aussichtspunkte-in-marbella","status":"publish","type":"post","link":"https:\/\/www.marbellavillage.es\/blog\/de\/besten-aussichtspunkte-in-marbella\/","title":{"rendered":"Die besten Aussichtspunkte in Marbella"},"content":{"rendered":"\n<p>Marbella ist nicht nur f\u00fcr Str\u00e4nde und blauen Himmel ber\u00fchmt, sondern auch f\u00fcr einige der unvergesslichsten Aussichtspunkte (Miradores). Von gr\u00fcnen Parks und der Paseo Mar\u00edtimo bis zu den Panoramatrails in der Sierra Blanca bieten diese Aussichtspunkte mediterrane Horizonte, Bergkulissen und das allt\u00e4gliche Leben in Bewegung.<\/p>\n\n\n\n<p>Unten finden Sie unsere Lieblingsorte f\u00fcr Sonnenaufgang, Golden Hour und ruhige Momente dazwischen \u2013 vom Meeresspiegel bis zum Gipfel. Dies ist ein Marbella Village Guide, kuratiert mit lokaler Expertise und Sorgfalt.<\/p>\n\n\n\n<div style=\"height:17px\" aria-hidden=\"true\" class=\"wp-block-spacer\"><\/div>\n\n\n\n<h2 class=\"wp-block-heading\">Entdecken Sie die sch\u00f6nsten Aussichtspunkte in Marbella \u2013 Meer, Stadt &amp; Himmel<\/h2>\n\n\n\n<h3 class=\"wp-block-heading\">Parque de la Alameda &#8211; \ud83d\udccd~3 Min. zu Fu\u00df von der Altstadt<\/h3>\n\n\n\n<figure class=\"wp-block-image size-full is-resized\"><img fetchpriority=\"high\" decoding=\"async\" width=\"940\" height=\"626\" src=\"https:\/\/www.marbellavillage.es\/blog\/wp-content\/uploads\/2025\/09\/ALAMEDA.jpg\" alt=\"Fountain and palm trees in Parque de la Alameda\u00a0Marbella\" class=\"wp-image-2119\" style=\"width:733px;height:auto\" srcset=\"https:\/\/www.marbellavillage.es\/blog\/wp-content\/uploads\/2025\/09\/ALAMEDA.jpg 940w, https:\/\/www.marbellavillage.es\/blog\/wp-content\/uploads\/2025\/09\/ALAMEDA-768x511.jpg 768w\" sizes=\"(max-width: 940px) 100vw, 940px\" \/><\/figure>\n\n\n\n<p><\/p>\n\n\n\n<p><a href=\"https:\/\/www.marbella.es\/web\/cultura\/patrimonio\/casco\/paseo-de-la-alameda.html\" target=\"_blank\" rel=\"noopener\">Parque de la Alameda <\/a>Der Parque de la Alameda liegt nicht hoch, ist aber einer der stimmungsvollsten Aussichtspunkte Marbellas, um das Alltagsleben zu beobachten. Weitl\u00e4ufige Panoramen erwarten Sie hier nicht, daf\u00fcr aber ein authentisches Eintauchen in den Rhythmus der Stadt \u2013 mit gelegentlichen Blicken auf Palmen und das Meer dahinter. Ein einladender Ort, um bei einem Kaffee zu verweilen, bevor Sie Ihren Spaziergang \u00fcber die <strong>Avenida del Mar<\/strong> in Richtung Promenade und Strand fortsetzen.<\/p>\n\n\n\n<p>Von diesem gr\u00fcnen Platz aus folgen Sie der Avenida del Mar, die von bronzenen Dal\u00ed-Skulpturen ges\u00e4umt ist, und erreichen in wenigen Minuten den <strong>Paseo Mar\u00edtimo.<\/strong> Das alte Baumbestand des Parks sorgt an warmen Tagen f\u00fcr Schatten, und die B\u00e4nke sowie der zentrale Brunnen machen ihn zu einem nat\u00fcrlichen Treffpunkt. Ein Aussichtspunkt in der Altstadt f\u00fcr das langsame Stadtleben.<\/p>\n\n\n\n<div style=\"height:20px\" aria-hidden=\"true\" class=\"wp-block-spacer\"><\/div>\n\n\n\n<h3 class=\"wp-block-heading\">Paseo Mar\u00edtimo &#8211; \ud83d\udccd~7 Min. zu Fu\u00df von der Altstadt<\/h3>\n\n\n\n<figure class=\"wp-block-image size-full is-resized\"><img decoding=\"async\" width=\"1376\" height=\"600\" src=\"https:\/\/www.marbellavillage.es\/blog\/wp-content\/uploads\/2025\/09\/PASEOMARITIMO.png\" alt=\"Seafront promenade with palm trees along Marbella Paseo\u00a0Mar\u00edtimo\" class=\"wp-image-2124\" style=\"width:736px;height:auto\" srcset=\"https:\/\/www.marbellavillage.es\/blog\/wp-content\/uploads\/2025\/09\/PASEOMARITIMO.png 1376w, https:\/\/www.marbellavillage.es\/blog\/wp-content\/uploads\/2025\/09\/PASEOMARITIMO-768x335.png 768w\" sizes=\"(max-width: 1376px) 100vw, 1376px\" \/><\/figure>\n\n\n\n<p><\/p>\n\n\n\n<p>Die <strong><a href=\"https:\/\/maps.app.goo.gl\/ZRcSHTAFVTCTMYrt6\" target=\"_blank\" rel=\"noopener\">Paseo Mar\u00edtimo<\/a><\/strong> von Marbella verl\u00e4uft parallel zur K\u00fcste und bietet ununterbrochene Mittelmeerhorizonte \u2013 ideal zum Spazierengehen, Joggen, Radfahren oder einfach zum Verweilen auf einer Bank, um die Wellen zu beobachten. Die Szenerie ist klassisch Costa del Sol: breite Sandstr\u00e4nde, ruhiges blaues Wasser und ein st\u00e4ndig wechselnder Himmel, der besonders bei Sonnenuntergang spektakul\u00e4r ist. Wenn Sie in der N\u00e4he wohnen, wird es schnell zu einem t\u00e4glichen Ritual \u2013 von ruhigen Morgenspazierg\u00e4ngen bis zu goldenen Abendstunden entlang eines der sch\u00f6nsten Meerblick-Aussichtspunkte in Marbella.<\/p>\n\n\n\n<div style=\"height:15px\" aria-hidden=\"true\" class=\"wp-block-spacer\"><\/div>\n\n\n\n<h3 class=\"wp-block-heading\">Marbella Club Hotel (Golden Mile) &#8211; \ud83d\udccd~10 Min. Fahrt von der Altstadt<\/h3>\n\n\n\n<figure class=\"wp-block-image size-full is-resized\"><img decoding=\"async\" width=\"2500\" height=\"1336\" src=\"https:\/\/www.marbellavillage.es\/blog\/wp-content\/uploads\/2025\/09\/CLUBM.png\" alt=\"Marbella Club Hotel - Viewpoints in Marbella\" class=\"wp-image-2159\" style=\"width:742px;height:auto\" srcset=\"https:\/\/www.marbellavillage.es\/blog\/wp-content\/uploads\/2025\/09\/CLUBM.png 2500w, https:\/\/www.marbellavillage.es\/blog\/wp-content\/uploads\/2025\/09\/CLUBM-768x410.png 768w, https:\/\/www.marbellavillage.es\/blog\/wp-content\/uploads\/2025\/09\/CLUBM-1536x821.png 1536w, https:\/\/www.marbellavillage.es\/blog\/wp-content\/uploads\/2025\/09\/CLUBM-2048x1094.png 2048w\" sizes=\"(max-width: 2500px) 100vw, 2500px\" \/><\/figure>\n\n\n\n<p><\/p>\n\n\n\n<p>Seit den 1950er Jahren ist das  <strong><a href=\"https:\/\/www.marbellaclub.com\/\" target=\"_blank\" rel=\"noopener\">Marbella Club Hotel<\/a><\/strong> eine Ikone der <strong>Goldenen Meile<\/strong>. Es verbindet makellose Strandg\u00e4rten und raffinierte andalusische Architektur mit ruhigen Meerblicken auf die Mittelmeerk\u00fcste. Der Zugang ist in erster Linie den Hotelg\u00e4sten vorbehalten. Doch auch Nicht-G\u00e4ste k\u00f6nnen die Aussicht meist mit einer Reservierung im Restaurant oder in der Bar genie\u00dfen. Es handelt sich nicht um einen hohen Aussichtspunkt, sondern um einen dezent glamour\u00f6sen Meeresblick von Marbella, bei dem Palmwedel die K\u00fcste einrahmen und zeitlose Eleganz den Ton angibt. Ein gehobener Aussichtspunkt an der <strong>Goldenen Meile<\/strong> f\u00fcr besondere Anl\u00e4sse.<\/p>\n\n\n\n<h3 class=\"wp-block-heading\">La Concha (Refugio de Juanar trailhead) &#8211; \ud83d\udccd~20 Min. Fahrt von der Altstadt<\/h3>\n\n\n\n<figure class=\"wp-block-image size-large is-resized\"><img loading=\"lazy\" decoding=\"async\" width=\"1080\" height=\"630\" src=\"https:\/\/www.marbellavillage.es\/blog\/wp-content\/uploads\/2025\/09\/LACONCHA2-1080x630.png\" alt=\"Mountain view from La Concha summit near\u00a0Marbella\" class=\"wp-image-2139\" style=\"width:736px;height:auto\"\/><\/figure>\n\n\n\n<p><\/p>\n\n\n\n<p>Hinter Marbella erhebt sich <strong><a href=\"https:\/\/maps.app.goo.gl\/D4TcHzaxG8DKuwSp6\" target=\"_blank\" rel=\"noopener\">La Concha<\/a><\/strong> <strong>(1.215 m)<\/strong>, der markante Gipfel der Stadt und eine lohnende, aber anspruchsvolle Wanderung. Am besten startet man fr\u00fch im Fr\u00fchjahr oder Herbst und tr\u00e4gt geeignetes Schuhwerk. Vom Gipfel und Grat aus genie\u00dfen Sie weite Panoramablicke \u00fcber Marbella und die Costa del Sol; an sehr klaren Tagen sind sogar <strong>Gibraltar,<\/strong> die <strong>marokkanische K\u00fcste<\/strong> und die Sierra Nevada sichtbar. Der \u00fcbliche Aufstieg beginnt am Refugio de Juanar, das in etwa 20 Minuten mit dem Auto von Marbella erreichbar ist. Der Anstieg ist technisch nicht schwierig, aber anstrengend und stellenweise ausgesetzt. Einer der besten Wander-Aussichtspunkte in der N\u00e4he von Marbella f\u00fcr grandiose Landschaften.<\/p>\n\n\n\n<h3 class=\"wp-block-heading\">Mirador de la Cruz del Juanar (Refugio de Juanar) &#8211; \ud83d\udccd~25\u201330 Min. Fahrt von der Altstadt<\/h3>\n\n\n\n<figure class=\"wp-block-image size-large is-resized\"><img loading=\"lazy\" decoding=\"async\" width=\"1200\" height=\"630\" src=\"https:\/\/www.marbellavillage.es\/blog\/wp-content\/uploads\/2025\/09\/CRUZJUANAR-1200x630.png\" alt=\"Scenic viewpoint at Mirador de la Cruz del Juanar\u00a0Marbella\" class=\"wp-image-2149\" style=\"width:738px;height:auto\"\/><\/figure>\n\n\n\n<p><\/p>\n\n\n\n<p>Wenn Sie weniger \u00fcberf\u00fcllte Wanderwege mit K\u00fcstenblick suchen, ist dies der richtige Ort. Eine ruhigere Alternative zu La Concha, dieser Aussichtspunkt in der  <a href=\"https:\/\/maps.app.goo.gl\/2D2uaySDCpugeyxv9\" target=\"_blank\" rel=\"noopener\"><strong>Sierra Blanca<\/strong><\/a> bietet weite Ausblicke \u00fcber Marbella und das Mittelmeer; an au\u00dfergew\u00f6hnlich klaren Tagen sind sogar<strong> Gibraltar<\/strong> und die <strong>marokkanische K\u00fcste<\/strong> sichtbar. Vom <a href=\"https:\/\/maps.app.goo.gl\/kZHouDbQcHUMherv5\" target=\"_blank\" rel=\"noopener\"><strong>Refugio de Juanar<\/strong>,<\/a> f\u00fchrt ein k\u00fcrzerer, m\u00e4\u00dfig steiler Pfad bis zum Kreuz \u2013 ideal bei mildem <strong>Wetter zum<\/strong> Sonnenaufgang oder Sonnenuntergang. Nehmen Sie Wasser und gutes Schuhwerk mit; der Weg durch Pinien und Olivenb\u00e4ume sowie der einfache Zugang machen ihn zu einem entspannten Halbtagesausflug und zu einem der besten Aussichtspunkte in der N\u00e4he von Marbella f\u00fcr eine kurze Wanderung.<\/p>\n\n\n\n<div style=\"height:13px\" aria-hidden=\"true\" class=\"wp-block-spacer\"><\/div>\n\n\n\n<h2 class=\"wp-block-heading\">Unterk\u00fcnfte mit einfachem Zugang zu Marbellas besten Aussichtspunkten<\/h2>\n\n\n\n<p>F\u00fcr einen einfachen Zugang zu all diesen Aussichtspunkten in Marbella empfiehlt es sich, in der Altstadt zu \u00fcbernachten. Dort sind Sie nah am Meer, an der Stadt und an den Bergblicken. Bei Marbella Village bieten unsere sorgf\u00e4ltig ausgew\u00e4hlten Studios und Duplex-Apartments passende Optionen f\u00fcr Paare, Familien, Freunde und Alleinreisende \u2013 sowohl f\u00fcr kurze Aufenthalte als auch f\u00fcr l\u00e4ngere Reisen.<\/p>\n\n\n\n<p>Die meisten Apartments verf\u00fcgen \u00fcber voll ausgestattete K\u00fcchen sowie Terrassen oder Balkone. Sie liegen fu\u00dfl\u00e4ufig zum <span style=\"box-sizing: border-box; margin: 0px; padding: 0px;\"><a href=\"https:\/\/maps.app.goo.gl\/hcTLcxHABjykW5G3A\" target=\"_blank\" rel=\"noopener\"><strong>Paseo Mar\u00edtimo<\/strong><\/a>,\u00a0<a href=\"https:\/\/www.marbella.es\/web\/cultura\/patrimonio\/casco\/paseo-de-la-alameda.html\" target=\"_blank\" rel=\"noopener\"><strong>Parque de la Alameda<\/strong>,<\/a><\/span> Caf\u00e9s und Restaurants sowie in der N\u00e4he von<strong> Buslinien<\/strong> nach <strong>Juanar\/La Concha.<\/strong><\/p>\n\n\n\n<div style=\"height:15px\" aria-hidden=\"true\" class=\"wp-block-spacer\"><\/div>\n\n\n\n<h2 class=\"wp-block-heading\">Die beste Zeit f\u00fcr die sch\u00f6nsten Ausblicke<\/h2>\n\n\n\n<p>F\u00fcr k\u00fchlere Temperaturen und klarere Himmel sind <strong>Fr\u00fchling und Herbst ideal.<\/strong> Sonnenaufgang und Goldene Stunde bieten das weichste Licht auf der <strong>Paseo Mar\u00edtimo,<\/strong> <strong>La Concha<\/strong> und <a href=\"https:\/\/maps.app.goo.gl\/Tds8B94oowt4ZWYQ6\" target=\"_blank\" rel=\"noopener\"><strong>Cruz del Juanar<\/strong>.<\/a> Im Sommer sollten Wanderungen fr\u00fch begonnen und ausreichend Wasser mitgenommen werden.<\/p>\n\n\n\n<div style=\"height:16px\" aria-hidden=\"true\" class=\"wp-block-spacer\"><\/div>\n\n\n\n<h2 class=\"wp-block-heading\">FAQ \u2013 Aussichtspunkte in Marbella<\/h2>\n\n\n\n<p><strong>Welche sind die besten Aussichtspunkte in Marbella f\u00fcr den Sonnenuntergang?<\/strong><br>Die Paseo Mar\u00edtimo f\u00fcr Horizonte auf Meeresh\u00f6he, der Mirador de la Cruz del Juanar f\u00fcr sanftes Licht \u00fcber der K\u00fcste und La Concha f\u00fcr weite Panoramen (fr\u00fch starten).<\/p>\n\n\n\n<p><strong>Kann man Marokko von Marbella aus sehen?<\/strong><br>An sehr klaren Tagen ja. Von La Concha und Cruz del Juanar sind Gibraltar und die marokkanische K\u00fcste in der Ferne sichtbar.<\/p>\n\n\n\n<p><strong>Brauche ich eine Reservierung, um die Aussicht im Marbella Club Hotel zu genie\u00dfen?<\/strong><br>In der Regel ja f\u00fcr Nicht-G\u00e4ste; buchen Sie ein Restaurant oder eine Bar, um Zugang zu diesen Meerblicken zu erhalten.<\/p>\n\n\n\n<div style=\"height:20px\" aria-hidden=\"true\" class=\"wp-block-spacer\"><\/div>\n\n\n\n<h2 class=\"wp-block-heading\">Fazit<\/h2>\n\n\n\n<p>Die unvergesslichsten Erinnerungen an Marbella entstehen oft in stillen Momenten \u2013 beim Blick in die Ferne, im Schatten einer Palme oder beim Begr\u00fc\u00dfen des Tages auf einem Bergkamm. Ob an K\u00fcstenwegen oder auf hoch gelegenen Aussichtspunkten \u2013 jeder Ort er\u00f6ffnet eine neue Perspektive auf die Stadt.<\/p>\n\n\n\n<p><strong><a href=\"https:\/\/www.marbellavillage.es\/de\/\">Buchen Sie Ihren Aufenthalt bei Marbella Village<\/a><\/strong> und genie\u00dfen Sie ein komfortables Apartment zur Selbstverpflegung \u2013 nur wenige Schritte entfernt von den sch\u00f6nsten Ausblicken, der Kultur und dem entspannten Charme der Altstadt von Marbella.<\/p>\n\n\n\n<p><\/p>\n","protected":false},"excerpt":{"rendered":"<p>Marbella ist nicht nur f\u00fcr Str\u00e4nde und blauen Himmel ber\u00fchmt, sondern auch f\u00fcr einige der unvergesslichsten Aussichtspunkte (Miradores). Von gr\u00fcnen&#8230;<\/p>\n","protected":false},"author":2,"featured_media":2167,"comment_status":"open","ping_status":"closed","sticky":false,"template":"","format":"standard","meta":{"footnotes":""},"categories":[95],"tags":[],"class_list":["post-2482","post","type-post","status-publish","format-standard","has-post-thumbnail","hentry","category-lebensstil"],"_links":{"self":[{"href":"https:\/\/www.marbellavillage.es\/blog\/de\/wp-json\/wp\/v2\/posts\/2482","targetHints":{"allow":["GET"]}}],"collection":[{"href":"https:\/\/www.marbellavillage.es\/blog\/de\/wp-json\/wp\/v2\/posts"}],"about":[{"href":"https:\/\/www.marbellavillage.es\/blog\/de\/wp-json\/wp\/v2\/types\/post"}],"author":[{"embeddable":true,"href":"https:\/\/www.marbellavillage.es\/blog\/de\/wp-json\/wp\/v2\/users\/2"}],"replies":[{"embeddable":true,"href":"https:\/\/www.marbellavillage.es\/blog\/de\/wp-json\/wp\/v2\/comments?post=2482"}],"version-history":[{"count":13,"href":"https:\/\/www.marbellavillage.es\/blog\/de\/wp-json\/wp\/v2\/posts\/2482\/revisions"}],"predecessor-version":[{"id":2534,"href":"https:\/\/www.marbellavillage.es\/blog\/de\/wp-json\/wp\/v2\/posts\/2482\/revisions\/2534"}],"wp:featuredmedia":[{"embeddable":true,"href":"https:\/\/www.marbellavillage.es\/blog\/de\/wp-json\/wp\/v2\/media\/2167"}],"wp:attachment":[{"href":"https:\/\/www.marbellavillage.es\/blog\/de\/wp-json\/wp\/v2\/media?parent=2482"}],"wp:term":[{"taxonomy":"category","embeddable":true,"href":"https:\/\/www.marbellavillage.es\/blog\/de\/wp-json\/wp\/v2\/categories?post=2482"},{"taxonomy":"post_tag","embeddable":true,"href":"https:\/\/www.marbellavillage.es\/blog\/de\/wp-json\/wp\/v2\/tags?post=2482"}],"curies":[{"name":"wp","href":"https:\/\/api.w.org\/{rel}","templated":true}]}}