{"id":1731,"date":"2024-08-04T12:55:57","date_gmt":"2024-08-04T12:55:57","guid":{"rendered":"https:\/\/www.marbellavillage.es\/blog\/urbaner-oeffentlicher-nahverkehr-in-marbella\/"},"modified":"2025-05-31T07:05:37","modified_gmt":"2025-05-31T07:05:37","slug":"urbaner-oeffentlicher-nahverkehr-in-marbella","status":"publish","type":"post","link":"https:\/\/www.marbellavillage.es\/blog\/de\/urbaner-oeffentlicher-nahverkehr-in-marbella\/","title":{"rendered":"Urbaner \u00f6ffentlicher Nahverkehr in Marbella"},"content":{"rendered":"\n<p>Marbella, ein bekanntes Reiseziel, bietet ein effizientes und umfassendes st\u00e4dtisches \u00f6ffentliches Verkehrssystem. Von Westen bis Osten erstreckt sich das Netz \u00fcber die gesamte Stadt, von Cabopino bis Puerto Ban\u00fas und dar\u00fcber hinaus. Das \u00f6ffentliche Verkehrsnetz verbindet wichtige Orte wie Einkaufszentren, Gesundheitseinrichtungen und nat\u00fcrlich vor allem die Str\u00e4nde! Bei Marbella Village m\u00f6chten unsere lokalen Experten einen \u00dcberblick \u00fcber den \u00f6ffentlichen Nahverkehr in Marbella geben und insbesondere die st\u00e4dtischen Buslinien vorstellen, ihre Routen, Frequenzen und weitere wichtige Details, damit unsere Besucher sich problemlos in der Gegend zurechtfinden k\u00f6nnen.    <\/p>\n\n<h2 class=\"wp-block-heading\"><strong>\u00d6ffentlicher Verkehr in Marbella: \u00dcberblick der Buslinien<\/strong><\/h2>\n\n<p><strong>Linie 1: C.C. La Ca\u00f1ada \u2013 Puerto Ban\u00fas<\/strong><\/p>\n\n<p>Diese Linie ist wahrscheinlich die am st\u00e4rksten frequentierte und verbindet das Einkaufszentrum La Ca\u00f1ada mit dem glamour\u00f6sen Puerto Ban\u00fas. Sie f\u00e4hrt durch bekannte Gebiete wie die Parroquia de la Divina Pastora, das st\u00e4dtische Fu\u00dfballstadion und die Goldene Meile, bevor sie schlie\u00dflich die Plaza Antonio Banderas in Puerto Ban\u00fas erreicht. Der Service nutzt vier Hybridbusse des Modells Mercedes-Benz Citaro und legt besonderen Wert auf Sicherheit und Umweltschutz.  <\/p>\n\n<figure class=\"wp-block-image size-full\"><img fetchpriority=\"high\" decoding=\"async\" width=\"2000\" height=\"1013\" src=\"https:\/\/www.marbellavillage.es\/blog\/wp-content\/uploads\/2024\/08\/Capture-decran-2024-08-04-a-0-1.png\" alt=\"Linie 1: C.C. La Ca&#xF1;ada &#x2013; Puerto Ban&#xFA;s\" class=\"wp-image-610\" srcset=\"https:\/\/www.marbellavillage.es\/blog\/wp-content\/uploads\/2024\/08\/Capture-decran-2024-08-04-a-0-1.png 2000w, https:\/\/www.marbellavillage.es\/blog\/wp-content\/uploads\/2024\/08\/Capture-decran-2024-08-04-a-0-1-768x389.png 768w, https:\/\/www.marbellavillage.es\/blog\/wp-content\/uploads\/2024\/08\/Capture-decran-2024-08-04-a-0-1-1536x778.png 1536w\" sizes=\"(max-width: 2000px) 100vw, 2000px\" \/><\/figure>\n\n<p><strong>Linie 2: C.C. La Ca\u00f1ada \u2013 Mirador<\/strong><\/p>\n\n<p>Diese Linie verl\u00e4uft durch das urbane Zentrum und verbindet die Bushaltestelle Marbella mit den st\u00e4dtischen Sportanlagen. Sie bietet eine erh\u00f6hte Frequenz und erschlie\u00dft verschiedene wichtige Punkte, darunter unsere sch\u00f6nen Unterk\u00fcnfte bei Marbella Village. <\/p>\n\n<figure class=\"wp-block-image size-full\"><img decoding=\"async\" width=\"2000\" height=\"1012\" src=\"https:\/\/www.marbellavillage.es\/blog\/wp-content\/uploads\/2024\/08\/Capture-decran-2024-08-04-a-0-1-1.png\" alt=\"Linie 2: C.C. La Ca&#xF1;ada &#x2013; Mirador\" class=\"wp-image-615\" srcset=\"https:\/\/www.marbellavillage.es\/blog\/wp-content\/uploads\/2024\/08\/Capture-decran-2024-08-04-a-0-1-1.png 2000w, https:\/\/www.marbellavillage.es\/blog\/wp-content\/uploads\/2024\/08\/Capture-decran-2024-08-04-a-0-1-1-768x389.png 768w, https:\/\/www.marbellavillage.es\/blog\/wp-content\/uploads\/2024\/08\/Capture-decran-2024-08-04-a-0-1-1-1536x777.png 1536w\" sizes=\"(max-width: 2000px) 100vw, 2000px\" \/><\/figure>\n\n<p><strong>Linie 3: C.C. La Ca\u00f1ada \u2013 El \u00c1ngel<\/strong><br\/><\/p>\n\n<p>Eine neu eingerichtete Linie stellt eine Verbindung her, die zuvor zwischen El \u00c1ngel und Puerto Ban\u00fas nicht verf\u00fcgbar war. Durch diese Linie wird das Angebot erheblich erweitert und bietet Anwohnern eine wichtige Verbindung. <\/p>\n\n<figure class=\"wp-block-image size-full\"><img decoding=\"async\" width=\"2000\" height=\"1023\" src=\"https:\/\/www.marbellavillage.es\/blog\/wp-content\/uploads\/2024\/08\/Capture-decran-2024-08-04-a-0-2.png\" alt=\"Linie 3: C.C. La Ca&#xF1;ada &#x2013; El &#xC1;ngel\" class=\"wp-image-620\" srcset=\"https:\/\/www.marbellavillage.es\/blog\/wp-content\/uploads\/2024\/08\/Capture-decran-2024-08-04-a-0-2.png 2000w, https:\/\/www.marbellavillage.es\/blog\/wp-content\/uploads\/2024\/08\/Capture-decran-2024-08-04-a-0-2-768x393.png 768w, https:\/\/www.marbellavillage.es\/blog\/wp-content\/uploads\/2024\/08\/Capture-decran-2024-08-04-a-0-2-1536x786.png 1536w\" sizes=\"(max-width: 2000px) 100vw, 2000px\" \/><\/figure>\n\n<p><strong>Linie 6: Cabopino \u2013 C.C. La Ca\u00f1ada<\/strong><\/p>\n\n<p>Die l\u00e4ngste Route verbindet das Zentrum von Marbella mit interessanten Punkten wie der \u00f6rtlichen Polizeistation, dem Costa del Sol Krankenhaus und neuen Wohngebieten. Cabopino ist ebenfalls ins Netz eingebunden und erh\u00e4lt so eine wichtige Versorgung in dieser s\u00fcdlichen Region. <\/p>\n\n<figure class=\"wp-block-image size-full\"><img loading=\"lazy\" decoding=\"async\" width=\"2000\" height=\"994\" src=\"https:\/\/www.marbellavillage.es\/blog\/wp-content\/uploads\/2024\/08\/Capture-decran-2024-08-04-a-0-3.png\" alt=\"Linie 6: Cabopino &#x2013; C.C. La Ca&#xF1;ada\" class=\"wp-image-625\" srcset=\"https:\/\/www.marbellavillage.es\/blog\/wp-content\/uploads\/2024\/08\/Capture-decran-2024-08-04-a-0-3.png 2000w, https:\/\/www.marbellavillage.es\/blog\/wp-content\/uploads\/2024\/08\/Capture-decran-2024-08-04-a-0-3-768x382.png 768w, https:\/\/www.marbellavillage.es\/blog\/wp-content\/uploads\/2024\/08\/Capture-decran-2024-08-04-a-0-3-1536x763.png 1536w\" sizes=\"(max-width: 2000px) 100vw, 2000px\" \/><\/figure>\n\n<p><strong><strong>Linie 6B: C.C. La Ca\u00f1ada \u2013 Belo Horizonte Alto <\/strong><\/strong><\/p>\n\n<p>Diese Linie ist eine Alternative zur Linie 6, wenn Sie im Zentrum von Marbella bleiben m\u00f6chten. Sie verbindet das Einkaufszentrum La Ca\u00f1ada \u00fcber den Mercado Municipal mit der Avenida, in Richtung Meer. <strong> <\/strong>Sie verl\u00e4uft auch ganz in der N\u00e4he unserer wunderbaren Apartments im Marbella Village!<\/p>\n\n<figure class=\"wp-block-image size-full\"><img loading=\"lazy\" decoding=\"async\" width=\"1212\" height=\"610\" src=\"https:\/\/www.marbellavillage.es\/blog\/wp-content\/uploads\/2024\/08\/Capture-decran-2024-08-04-a-07.26.13.png\" alt=\"Linie 6B\" class=\"wp-image-640\" srcset=\"https:\/\/www.marbellavillage.es\/blog\/wp-content\/uploads\/2024\/08\/Capture-decran-2024-08-04-a-07.26.13.png 1212w, https:\/\/www.marbellavillage.es\/blog\/wp-content\/uploads\/2024\/08\/Capture-decran-2024-08-04-a-07.26.13-768x387.png 768w\" sizes=\"(max-width: 1212px) 100vw, 1212px\" \/><\/figure>\n\n<p><strong>Linie 8: C.C. La Ca\u00f1ada \u2013 San Pedro (Nachtnetz)<\/strong><\/p>\n\n<p>Ein Nachtservice verbindet das Einkaufszentrum La Ca\u00f1ada mit dem Zentrum von Marbella, der Goldenen Meile, Puerto Ban\u00fas und San Pedro Alc\u00e1ntara und deckt so die Bed\u00fcrfnisse von Touristen und Einheimischen gleicherma\u00dfen ab. Er verkehrt t\u00e4glich und bietet eine 24-Stunden-Abdeckung. <\/p>\n\n<figure class=\"wp-block-image size-full\"><img loading=\"lazy\" decoding=\"async\" width=\"2000\" height=\"1018\" src=\"https:\/\/www.marbellavillage.es\/blog\/wp-content\/uploads\/2024\/08\/Capture-decran-2024-08-04-a-0-5-1.png\" alt=\"Linie 8: C.C. La Ca&#xF1;ada &#x2013; San Pedro (Nachtnetz)\" class=\"wp-image-650\" srcset=\"https:\/\/www.marbellavillage.es\/blog\/wp-content\/uploads\/2024\/08\/Capture-decran-2024-08-04-a-0-5-1.png 2000w, https:\/\/www.marbellavillage.es\/blog\/wp-content\/uploads\/2024\/08\/Capture-decran-2024-08-04-a-0-5-1-768x391.png 768w, https:\/\/www.marbellavillage.es\/blog\/wp-content\/uploads\/2024\/08\/Capture-decran-2024-08-04-a-0-5-1-1536x782.png 1536w\" sizes=\"(max-width: 2000px) 100vw, 2000px\" \/><\/figure>\n\n<p><strong>Linie 9: Cabopino \u2013 Marbella Zentrum (Nachtnetz)<\/strong><\/p>\n\n<p>Ein Nachtservice, der vom Zentrum Marbellas nach Cabopino verkehrt und bedeutende Verbindungen zu n\u00e4chtlichen Hotspots bietet. Er wird mit einem 12-Meter-Mercedes-Benz Citaro-Bus betrieben und gew\u00e4hrleistet einen sicheren und zuverl\u00e4ssigen Transport in den Nachtstunden. <\/p>\n\n<figure class=\"wp-block-image size-full\"><img loading=\"lazy\" decoding=\"async\" width=\"2000\" height=\"997\" src=\"https:\/\/www.marbellavillage.es\/blog\/wp-content\/uploads\/2024\/08\/Capture-decran-2024-08-04-a-0-6.png\" alt=\"Linie 9: Cabopino &#x2013; Marbella Zentrum (Nachtbus) &#x2013; &#xD6;PNV-Route\" class=\"wp-image-655\" srcset=\"https:\/\/www.marbellavillage.es\/blog\/wp-content\/uploads\/2024\/08\/Capture-decran-2024-08-04-a-0-6.png 2000w, https:\/\/www.marbellavillage.es\/blog\/wp-content\/uploads\/2024\/08\/Capture-decran-2024-08-04-a-0-6-768x383.png 768w, https:\/\/www.marbellavillage.es\/blog\/wp-content\/uploads\/2024\/08\/Capture-decran-2024-08-04-a-0-6-1536x766.png 1536w\" sizes=\"(max-width: 2000px) 100vw, 2000px\" \/><\/figure>\n\n<h2 class=\"wp-block-heading\"><strong>Ticketpreise und Pakete<\/strong><\/h2>\n\n<p>Die Ticketpreise f\u00fcr Marbellas st\u00e4dtisches Verkehrssystem sind erschwinglich und richten sich sowohl an Einheimische als auch an Touristen. Einzelfahrkarten sind preiswert, und es gibt verschiedene Paketoptionen: <\/p>\n\n<ul class=\"wp-block-list\">\n<li><strong>Einzelticket:<\/strong> 1,20 \u20ac<\/li>\n\n\n\n<li><strong>10-Fahrten-Ticket:<\/strong> 10,50 \u20ac<\/li>\n\n\n\n<li><strong>Monatsticket:<\/strong> 35 \u20ac (unbegrenzte Fahrten innerhalb eines Monats)<\/li>\n\n\n\n<li><strong>Touristenpass:<\/strong> 15 \u20ac f\u00fcr 3 Tage (unbegrenzte Fahrten)<\/li>\n<\/ul>\n\n<p><\/p>\n\n<h2 class=\"wp-block-heading\"><strong>Busfrequenzen<\/strong><\/h2>\n\n<p><\/p>\n\n<p><a href=\"https:\/\/malaga.avanzagrupo.com\/en\" target=\"_blank\" rel=\"noopener\">Die Busse in Marbella<\/a> verkehren h\u00e4ufig, um kurze Wartezeiten und maximalen Komfort f\u00fcr die Fahrg\u00e4ste zu gew\u00e4hrleisten. Die Frequenzen variieren je nach Linie und Tageszeit: <\/p>\n\n<ul class=\"wp-block-list\">\n<li><strong>Hauptverkehrszeiten:<\/strong> alle 15\u201320 Minuten<\/li>\n\n\n\n<li><strong>Nebenverkehrszeiten:<\/strong> alle 30 Minuten<\/li>\n\n\n\n<li><strong>Nachtverkehr:<\/strong> st\u00fcndlich<\/li>\n<\/ul>\n\n<p><\/p>\n\n<h3 class=\"wp-block-heading\"><strong>Fazit<\/strong><\/h3>\n\n<p>Marbellas st\u00e4dtisches \u00f6ffentliches Verkehrssystem wurde entwickelt, um seinen Einwohnern und Besuchern effiziente, zuverl\u00e4ssige und umweltfreundliche Dienste zu bieten. Ob Sie zur Arbeit pendeln, die Sehensw\u00fcrdigkeiten der Stadt erkunden oder einen Abend ausklingen lassen m\u00f6chten \u2013 die Busse in Marbella bieten eine bequeme M\u00f6glichkeit, sich fortzubewegen. Mit h\u00e4ufigen Verbindungen, erschwinglichen Ticketpreisen und umfassender Abdeckung sorgt Marbella f\u00fcr nahtlose Mobilit\u00e4t. Wenn Sie bei uns im <a href=\"https:\/\/www.marbellavillage.es\/rentals\/holidays-rentals-rentals-d0\/\">Marbella Village<\/a> buchen, haben Sie Zugang zu all diesen Linien nur wenige Gehminuten entfernt.   <\/p>\n\n<p><\/p>\n","protected":false},"excerpt":{"rendered":"<p>Marbella, ein bekanntes Reiseziel, bietet ein effizientes und umfassendes st\u00e4dtisches \u00f6ffentliches Verkehrssystem. Von Westen bis Osten erstreckt sich das Netz&#8230;<\/p>\n","protected":false},"author":2,"featured_media":612,"comment_status":"open","ping_status":"closed","sticky":false,"template":"","format":"standard","meta":{"footnotes":""},"categories":[81],"tags":[],"class_list":["post-1731","post","type-post","status-publish","format-standard","has-post-thumbnail","hentry","category-tipps"],"_links":{"self":[{"href":"https:\/\/www.marbellavillage.es\/blog\/de\/wp-json\/wp\/v2\/posts\/1731","targetHints":{"allow":["GET"]}}],"collection":[{"href":"https:\/\/www.marbellavillage.es\/blog\/de\/wp-json\/wp\/v2\/posts"}],"about":[{"href":"https:\/\/www.marbellavillage.es\/blog\/de\/wp-json\/wp\/v2\/types\/post"}],"author":[{"embeddable":true,"href":"https:\/\/www.marbellavillage.es\/blog\/de\/wp-json\/wp\/v2\/users\/2"}],"replies":[{"embeddable":true,"href":"https:\/\/www.marbellavillage.es\/blog\/de\/wp-json\/wp\/v2\/comments?post=1731"}],"version-history":[{"count":1,"href":"https:\/\/www.marbellavillage.es\/blog\/de\/wp-json\/wp\/v2\/posts\/1731\/revisions"}],"predecessor-version":[{"id":1732,"href":"https:\/\/www.marbellavillage.es\/blog\/de\/wp-json\/wp\/v2\/posts\/1731\/revisions\/1732"}],"wp:featuredmedia":[{"embeddable":true,"href":"https:\/\/www.marbellavillage.es\/blog\/de\/wp-json\/wp\/v2\/media\/612"}],"wp:attachment":[{"href":"https:\/\/www.marbellavillage.es\/blog\/de\/wp-json\/wp\/v2\/media?parent=1731"}],"wp:term":[{"taxonomy":"category","embeddable":true,"href":"https:\/\/www.marbellavillage.es\/blog\/de\/wp-json\/wp\/v2\/categories?post=1731"},{"taxonomy":"post_tag","embeddable":true,"href":"https:\/\/www.marbellavillage.es\/blog\/de\/wp-json\/wp\/v2\/tags?post=1731"}],"curies":[{"name":"wp","href":"https:\/\/api.w.org\/{rel}","templated":true}]}}